{"id":84034,"date":"2018-06-15T12:34:54","date_gmt":"2018-06-15T09:34:54","guid":{"rendered":"https:\/\/www.sana.sy\/es\/?p=84034"},"modified":"2018-06-16T13:46:36","modified_gmt":"2018-06-16T10:46:36","slug":"fotografo-sirio-gana-premio-en-el-concurso-de-paris-px3","status":"publish","type":"post","link":"https:\/\/archive.sana.sy\/es\/?p=84034","title":{"rendered":"Fot\u00f3grafo sirio gana premio en el Concurso de Par\u00eds PX3"},"content":{"rendered":"<p><b><span lang=\"ES\">Damasco\/\u00a0<\/span><\/b><b><span lang=\"ES\">El fot\u00f3grafo sirio, Hagop Wanesian, fue premiado con una menci\u00f3n honor\u00edfica en el concurso de fotograf\u00eda de Paris 2018 PX3.<\/span><\/b><\/p>\n<p><b><span lang=\"ES\">\u00a0<\/span><\/b><b><span lang=\"ES\">Wanesian gan\u00f3 este premio en la categor\u00eda de \u201cla Guerra el Conflicto\u201d, donde exhibi\u00f3 una serie de fotograf\u00edas bajo el t\u00edtulo de diversos cuentos, logrando destacarse dentro de fot\u00f3grafos de m\u00e1s de 85 pa\u00edses.<\/span><\/b><\/p>\n<p><b><span lang=\"ES\">El expatriado sirio naci\u00f3 en 1970 empez\u00f3 su carrera en 1999 como fot\u00f3grafo documental, realiz\u00f3 varias exposiciones en Siria y Rusia, la \u00faltima tuvo lugar en Dar al Assad en 2014 donde exhibi\u00f3 m\u00e1s de 50 fotograf\u00edas en negro y blanco sobre la vida en Alepo en los tiempos de la guerra anti Siria.<\/span><\/b><\/p>\n<p><b><span lang=\"ES\">Wanesian se gan\u00f3 dos premios en 2017;\u00a0 el premio honor\u00edfico del Concuro Internacional de Mosc\u00fa, y el Premio Internacional de Tokio.<\/span><\/b><\/p>\n<p><b><span lang=\"ES\">\u00a0<\/span><\/b><\/p>\n<p><b><span lang=\"ES\">Lynn A.<\/span><\/b><\/p>\n","protected":false},"excerpt":{"rendered":"<p>Damasco\/\u00a0El fot\u00f3grafo sirio, Hagop Wanesian, fue premiado con una menci\u00f3n honor\u00edfica en el concurso de fotograf\u00eda de Paris 2018 PX3. \u00a0Wanesian gan\u00f3 este premio en la categor\u00eda de \u201cla Guerra el Conflicto\u201d, donde exhibi\u00f3 una serie de fotograf\u00edas bajo el t\u00edtulo de diversos cuentos, logrando destacarse dentro de fot\u00f3grafos de m\u00e1s de 85 pa\u00edses. El &hellip;<\/p>\n","protected":false},"author":1,"featured_media":84035,"comment_status":"closed","ping_status":"closed","sticky":false,"template":"","format":"standard","meta":{"footnotes":""},"categories":[510,467,7541],"tags":[],"class_list":["post-84034","post","type-post","status-publish","format-standard","has-post-thumbnail","","category-arte-y-cultura","category-siria-y-el-mundo","category-ultimas-noticias"],"_links":{"self":[{"href":"https:\/\/archive.sana.sy\/es\/index.php?rest_route=\/wp\/v2\/posts\/84034"}],"collection":[{"href":"https:\/\/archive.sana.sy\/es\/index.php?rest_route=\/wp\/v2\/posts"}],"about":[{"href":"https:\/\/archive.sana.sy\/es\/index.php?rest_route=\/wp\/v2\/types\/post"}],"author":[{"embeddable":true,"href":"https:\/\/archive.sana.sy\/es\/index.php?rest_route=\/wp\/v2\/users\/1"}],"replies":[{"embeddable":true,"href":"https:\/\/archive.sana.sy\/es\/index.php?rest_route=%2Fwp%2Fv2%2Fcomments&post=84034"}],"version-history":[{"count":0,"href":"https:\/\/archive.sana.sy\/es\/index.php?rest_route=\/wp\/v2\/posts\/84034\/revisions"}],"wp:featuredmedia":[{"embeddable":true,"href":"https:\/\/archive.sana.sy\/es\/index.php?rest_route=\/wp\/v2\/media\/84035"}],"wp:attachment":[{"href":"https:\/\/archive.sana.sy\/es\/index.php?rest_route=%2Fwp%2Fv2%2Fmedia&parent=84034"}],"wp:term":[{"taxonomy":"category","embeddable":true,"href":"https:\/\/archive.sana.sy\/es\/index.php?rest_route=%2Fwp%2Fv2%2Fcategories&post=84034"},{"taxonomy":"post_tag","embeddable":true,"href":"https:\/\/archive.sana.sy\/es\/index.php?rest_route=%2Fwp%2Fv2%2Ftags&post=84034"}],"curies":[{"name":"wp","href":"https:\/\/api.w.org\/{rel}","templated":true}]}}