{"id":8404,"date":"2014-09-05T17:01:34","date_gmt":"2014-09-05T14:01:34","guid":{"rendered":"http:\/\/www.sana.sy\/es\/?p=8404"},"modified":"2014-09-05T17:01:34","modified_gmt":"2014-09-05T14:01:34","slug":"anunciada-la-cuarta-temporada-del-proyecto-de-apoyo-al-cine-juvenil","status":"publish","type":"post","link":"https:\/\/archive.sana.sy\/es\/?p=8404","title":{"rendered":"Anunciada la cuarta temporada del proyecto de Apoyo al Cine Juvenil"},"content":{"rendered":"<p style=\"text-align: justify\"><span style=\"color: #800000\">Damasco, SANA<\/span><\/p>\n<p style=\"text-align: justify\">Tras el \u00e9xito notable del proyecto de apoyo al Cine Juvenil que se ha hecho en los \u00faltimos tres a\u00f1os, una nueva temporada se ha puesto en marcha, que se iniciar\u00e1 a partir del 1 de octubre.<\/p>\n<p style=\"text-align: justify\">La cuarta temporada, que fue anunciada el jueves por el Establecimiento General de Cine, se extender\u00e1 hasta el 30 de noviembre.<\/p>\n<p style=\"text-align: justify\">Las pel\u00edculas que se produzcan en el marco del proyecto deben ser cortometrajes de no m\u00e1s de 15 minutos y se deben hacer dentro de los 30 d\u00edas, incluido el montaje, de acuerdo a los t\u00e9rminos establecidos por el Establecimiento.<\/p>\n<p style=\"text-align: justify\">Las pel\u00edculas deben ser presentadas, por escrito y en copias electr\u00f3nicas, en el Establecimiento, junto con las biograf\u00eda de los productores de cine, que deben ser de menos de 40 a\u00f1os de edad.<\/p>\n<p style=\"text-align: justify\"><span style=\"color: #0000ff\">Ghifar Al.<\/span><\/p>\n","protected":false},"excerpt":{"rendered":"<p>Damasco, SANA Tras el \u00e9xito notable del proyecto de apoyo al Cine Juvenil que se ha hecho en los \u00faltimos tres a\u00f1os, una nueva temporada se ha puesto en marcha, que se iniciar\u00e1 a partir del 1 de octubre. La cuarta temporada, que fue anunciada el jueves por el Establecimiento General de Cine, se extender\u00e1 &hellip;<\/p>\n","protected":false},"author":1,"featured_media":8405,"comment_status":"closed","ping_status":"closed","sticky":false,"template":"","format":"standard","meta":{"footnotes":""},"categories":[510],"tags":[1908],"class_list":["post-8404","post","type-post","status-publish","format-standard","has-post-thumbnail","","category-arte-y-cultura","tag-cuarta-temporada-del-proyecto-de-apoyo-al-cine-juvenil"],"_links":{"self":[{"href":"https:\/\/archive.sana.sy\/es\/index.php?rest_route=\/wp\/v2\/posts\/8404"}],"collection":[{"href":"https:\/\/archive.sana.sy\/es\/index.php?rest_route=\/wp\/v2\/posts"}],"about":[{"href":"https:\/\/archive.sana.sy\/es\/index.php?rest_route=\/wp\/v2\/types\/post"}],"author":[{"embeddable":true,"href":"https:\/\/archive.sana.sy\/es\/index.php?rest_route=\/wp\/v2\/users\/1"}],"replies":[{"embeddable":true,"href":"https:\/\/archive.sana.sy\/es\/index.php?rest_route=%2Fwp%2Fv2%2Fcomments&post=8404"}],"version-history":[{"count":0,"href":"https:\/\/archive.sana.sy\/es\/index.php?rest_route=\/wp\/v2\/posts\/8404\/revisions"}],"wp:featuredmedia":[{"embeddable":true,"href":"https:\/\/archive.sana.sy\/es\/index.php?rest_route=\/wp\/v2\/media\/8405"}],"wp:attachment":[{"href":"https:\/\/archive.sana.sy\/es\/index.php?rest_route=%2Fwp%2Fv2%2Fmedia&parent=8404"}],"wp:term":[{"taxonomy":"category","embeddable":true,"href":"https:\/\/archive.sana.sy\/es\/index.php?rest_route=%2Fwp%2Fv2%2Fcategories&post=8404"},{"taxonomy":"post_tag","embeddable":true,"href":"https:\/\/archive.sana.sy\/es\/index.php?rest_route=%2Fwp%2Fv2%2Ftags&post=8404"}],"curies":[{"name":"wp","href":"https:\/\/api.w.org\/{rel}","templated":true}]}}