{"id":8407,"date":"2014-09-05T17:08:23","date_gmt":"2014-09-05T14:08:23","guid":{"rendered":"http:\/\/www.sana.sy\/es\/?p=8407"},"modified":"2023-01-09T14:10:34","modified_gmt":"2023-01-09T12:10:34","slug":"ministerio-de-relaciones-exteriores-abre-una-oficina-consular-en-sweida-a-servir-las-provincias-del-sur","status":"publish","type":"post","link":"https:\/\/archive.sana.sy\/es\/?p=8407","title":{"rendered":"Ministerio de Relaciones Exteriores abre una oficina consular en Sweida a servir las provincias del sur"},"content":{"rendered":"<p style=\"text-align: justify\"><span style=\"color: #800000\">Sweida, SANA<\/span><\/p>\n<p style=\"text-align: justify\">Ministerio de Relaciones Exteriores y Expatriados abrieron el jueves una oficina consular en la ciudad de Sweida para reducir el tiempo y la carga financiera sobre las personas en las provincias del sur.<\/p>\n<p style=\"text-align: justify\">El director de la oficina dijo en una declaraci\u00f3n a SANA que la oficina ya ha comenzado a prestar servicios a los ciudadanos.<\/p>\n<p style=\"text-align: justify\">Adem\u00e1s de Sweida, los ciudadanos de las provincias meridionales de Deraa y Quneitra se beneficiar\u00e1n de los servicios consulares, que se abri\u00f3 en un centro en el edificio del Ayuntamiento de Sweida.<\/p>\n<p style=\"text-align: justify\"><span style=\"color: #0000ff\">Ghifar Al.<\/span><\/p>\n","protected":false},"excerpt":{"rendered":"<p>Sweida, SANA Ministerio de Relaciones Exteriores y Expatriados abrieron el jueves una oficina consular en la ciudad de Sweida para reducir el tiempo y la carga financiera sobre las personas en las provincias del sur. El director de la oficina dijo en una declaraci\u00f3n a SANA que la oficina ya ha comenzado a prestar servicios &hellip;<\/p>\n","protected":false},"author":1,"featured_media":8408,"comment_status":"closed","ping_status":"closed","sticky":false,"template":"","format":"standard","meta":{"footnotes":""},"categories":[476],"tags":[1909],"class_list":["post-8407","post","type-post","status-publish","format-standard","has-post-thumbnail","","category-locales","tag-ministerio-de-relaciones-exteriores-abre-una-oficina-consular-en-sweida-a-servir-las-provincias-del-sur"],"_links":{"self":[{"href":"https:\/\/archive.sana.sy\/es\/index.php?rest_route=\/wp\/v2\/posts\/8407"}],"collection":[{"href":"https:\/\/archive.sana.sy\/es\/index.php?rest_route=\/wp\/v2\/posts"}],"about":[{"href":"https:\/\/archive.sana.sy\/es\/index.php?rest_route=\/wp\/v2\/types\/post"}],"author":[{"embeddable":true,"href":"https:\/\/archive.sana.sy\/es\/index.php?rest_route=\/wp\/v2\/users\/1"}],"replies":[{"embeddable":true,"href":"https:\/\/archive.sana.sy\/es\/index.php?rest_route=%2Fwp%2Fv2%2Fcomments&post=8407"}],"version-history":[{"count":0,"href":"https:\/\/archive.sana.sy\/es\/index.php?rest_route=\/wp\/v2\/posts\/8407\/revisions"}],"wp:featuredmedia":[{"embeddable":true,"href":"https:\/\/archive.sana.sy\/es\/index.php?rest_route=\/wp\/v2\/media\/8408"}],"wp:attachment":[{"href":"https:\/\/archive.sana.sy\/es\/index.php?rest_route=%2Fwp%2Fv2%2Fmedia&parent=8407"}],"wp:term":[{"taxonomy":"category","embeddable":true,"href":"https:\/\/archive.sana.sy\/es\/index.php?rest_route=%2Fwp%2Fv2%2Fcategories&post=8407"},{"taxonomy":"post_tag","embeddable":true,"href":"https:\/\/archive.sana.sy\/es\/index.php?rest_route=%2Fwp%2Fv2%2Ftags&post=8407"}],"curies":[{"name":"wp","href":"https:\/\/api.w.org\/{rel}","templated":true}]}}