{"id":84134,"date":"2018-06-17T15:09:31","date_gmt":"2018-06-17T12:09:31","guid":{"rendered":"https:\/\/www.sana.sy\/es\/?p=84134"},"modified":"2018-06-17T15:09:31","modified_gmt":"2018-06-17T12:09:31","slug":"terroristas-de-al-nusra-provocan-nuevos-incendios-en-los-terrenos-agricolas-en-la-periferia-de-la-localidad-de-hadr","status":"publish","type":"post","link":"https:\/\/archive.sana.sy\/es\/?p=84134","title":{"rendered":"Terroristas de Al-Nusra provocan nuevos incendios en los terrenos agr\u00edcolas en la periferia de la localidad de Hadr"},"content":{"rendered":"<p><strong>Kuneitra, SANA<\/strong><\/p>\n<p><strong>Los grupos terroristas vinculados al enemigo israel\u00ed han provocado nuevos incendios en los terrenos agr\u00edcolas sembrados de \u00e1rboles frutales en la periferia de la localidad de Hadr en el campo norte\u00f1o de la provincia suroccidental de Kuneitra. <\/strong><\/p>\n<p><strong>\u00a0<\/strong><\/p>\n<p><strong>El reportero de SANA mencion\u00f3 que \u201clos grupos terroristas emplazados en los forestales de Yibata al-Khashab prendieron fuego a varias hect\u00e1reas en varias hect\u00e1reas sembradas de \u00e1rboles frutales (manzana, higo y cereza) en el poblado de Hadr en el campo norte\u00f1o.<\/strong><\/p>\n<p><strong>El periodista se\u00f1al\u00f3 que el fuego contin\u00faa llameante lo cual ha causado grandes da\u00f1os en los huertos debido a la imposibilidad de apagar el fuego en la zona plagada de elementos armados que se aprovecharon del soplo de vientos hacia el este. <\/strong><\/p>\n<p>Es de se\u00f1alar que la pasada semana\u00a0 los grupos armados\u00a0 incendiaron varias hect\u00e1reas de \u00e1rboles frutales y trigo en\u00a0 el campo norte\u00f1o de Kuneitra.<\/p>\n<p>Riad Sh.<\/p>\n","protected":false},"excerpt":{"rendered":"<p>Kuneitra, SANA Los grupos terroristas vinculados al enemigo israel\u00ed han provocado nuevos incendios en los terrenos agr\u00edcolas sembrados de \u00e1rboles frutales en la periferia de la localidad de Hadr en el campo norte\u00f1o de la provincia suroccidental de Kuneitra. \u00a0 El reportero de SANA mencion\u00f3 que \u201clos grupos terroristas emplazados en los forestales de Yibata &hellip;<\/p>\n","protected":false},"author":24,"featured_media":84136,"comment_status":"closed","ping_status":"closed","sticky":false,"template":"","format":"standard","meta":{"footnotes":""},"categories":[476,7541],"tags":[],"class_list":["post-84134","post","type-post","status-publish","format-standard","has-post-thumbnail","","category-locales","category-ultimas-noticias"],"_links":{"self":[{"href":"https:\/\/archive.sana.sy\/es\/index.php?rest_route=\/wp\/v2\/posts\/84134"}],"collection":[{"href":"https:\/\/archive.sana.sy\/es\/index.php?rest_route=\/wp\/v2\/posts"}],"about":[{"href":"https:\/\/archive.sana.sy\/es\/index.php?rest_route=\/wp\/v2\/types\/post"}],"author":[{"embeddable":true,"href":"https:\/\/archive.sana.sy\/es\/index.php?rest_route=\/wp\/v2\/users\/24"}],"replies":[{"embeddable":true,"href":"https:\/\/archive.sana.sy\/es\/index.php?rest_route=%2Fwp%2Fv2%2Fcomments&post=84134"}],"version-history":[{"count":0,"href":"https:\/\/archive.sana.sy\/es\/index.php?rest_route=\/wp\/v2\/posts\/84134\/revisions"}],"wp:featuredmedia":[{"embeddable":true,"href":"https:\/\/archive.sana.sy\/es\/index.php?rest_route=\/wp\/v2\/media\/84136"}],"wp:attachment":[{"href":"https:\/\/archive.sana.sy\/es\/index.php?rest_route=%2Fwp%2Fv2%2Fmedia&parent=84134"}],"wp:term":[{"taxonomy":"category","embeddable":true,"href":"https:\/\/archive.sana.sy\/es\/index.php?rest_route=%2Fwp%2Fv2%2Fcategories&post=84134"},{"taxonomy":"post_tag","embeddable":true,"href":"https:\/\/archive.sana.sy\/es\/index.php?rest_route=%2Fwp%2Fv2%2Ftags&post=84134"}],"curies":[{"name":"wp","href":"https:\/\/api.w.org\/{rel}","templated":true}]}}