{"id":84152,"date":"2018-06-18T17:45:28","date_gmt":"2018-06-18T14:45:28","guid":{"rendered":"https:\/\/www.sana.sy\/es\/?p=84152"},"modified":"2018-06-18T17:45:28","modified_gmt":"2018-06-18T14:45:28","slug":"muertos-y-heridos-en-bombardeo-de-la-coalicion-estadounidense-contra-una-posicion-militar-siria-en-bukamal","status":"publish","type":"post","link":"https:\/\/archive.sana.sy\/es\/?p=84152","title":{"rendered":"Muertos y heridos en bombardeo de la Coalici\u00f3n estadounidense contra una posici\u00f3n militar siria en Bukamal"},"content":{"rendered":"<div>\n<p class=\"m_-8993295292982291659ydpedae8d9eMsoNormal\"><b><u><span lang=\"ES-TRAD\">Deir Ezzor, SANA<\/span><\/u><\/b><span lang=\"ES-TRAD\">\u00a0<\/span><\/p>\n<p class=\"m_-8993295292982291659ydpedae8d9eMsoNormal\"><span lang=\"ES-TRAD\">Los aviones b\u00e9licos de la &#8220;Coalici\u00f3n Internacional&#8221; dirigida por Estados Unidos, bombardearon una posici\u00f3n militar del Ej\u00e9rcito \u00c1rabe Sirio en el campo sudeste de la provincia de Deir Ezzor.<\/span><\/p>\n<p class=\"m_-8993295292982291659ydpedae8d9eMsoNormal\"><span lang=\"ES-TRAD\">\u00a0<\/span><span lang=\"ES-TRAD\">En un comunicado, el Ej\u00e9rcito sirio anunci\u00f3 que el bombardeo estadounidense se produjo en el poblado Al-Hari, al sudeste de la ciudad fronteriza Bukamal, lo que caus\u00f3 la ca\u00edda de varios muertos y heridos.<\/span><\/p>\n<p class=\"m_-8993295292982291659ydpedae8d9eMsoNormal\"><span lang=\"ES-TRAD\">El comunicado asegura que esta nueva agresi\u00f3n de la \u201cCoalici\u00f3n Internacional\u201d viene tres d\u00edas despu\u00e9s de un significativo avance del ej\u00e9rcito en el que liber\u00f3 una zona de 2000 km cuadrados de los terroristas del Daesh en el desierto oeste de Al-Mayadeen.<\/span><\/p>\n<div class=\"yj6qo ajU\">\n<div id=\":lf\" class=\"ajR\" role=\"button\"><i style=\"font-family: 'times new roman', 'new york', times, serif;line-height: 1.5\"><span style=\"font-size: medium\">Fady Marouf<\/span><\/i><\/div>\n<\/div>\n<\/div>\n<p>&nbsp;<\/p>\n","protected":false},"excerpt":{"rendered":"<p>Deir Ezzor, SANA\u00a0 Los aviones b\u00e9licos de la &#8220;Coalici\u00f3n Internacional&#8221; dirigida por Estados Unidos, bombardearon una posici\u00f3n militar del Ej\u00e9rcito \u00c1rabe Sirio en el campo sudeste de la provincia de Deir Ezzor. \u00a0En un comunicado, el Ej\u00e9rcito sirio anunci\u00f3 que el bombardeo estadounidense se produjo en el poblado Al-Hari, al sudeste de la ciudad fronteriza &hellip;<\/p>\n","protected":false},"author":24,"featured_media":84153,"comment_status":"closed","ping_status":"closed","sticky":false,"template":"","format":"standard","meta":{"footnotes":""},"categories":[573,7541],"tags":[],"class_list":["post-84152","post","type-post","status-publish","format-standard","has-post-thumbnail","","category-la-realidad-de-los-acontecimientos-en-siria","category-ultimas-noticias"],"_links":{"self":[{"href":"https:\/\/archive.sana.sy\/es\/index.php?rest_route=\/wp\/v2\/posts\/84152"}],"collection":[{"href":"https:\/\/archive.sana.sy\/es\/index.php?rest_route=\/wp\/v2\/posts"}],"about":[{"href":"https:\/\/archive.sana.sy\/es\/index.php?rest_route=\/wp\/v2\/types\/post"}],"author":[{"embeddable":true,"href":"https:\/\/archive.sana.sy\/es\/index.php?rest_route=\/wp\/v2\/users\/24"}],"replies":[{"embeddable":true,"href":"https:\/\/archive.sana.sy\/es\/index.php?rest_route=%2Fwp%2Fv2%2Fcomments&post=84152"}],"version-history":[{"count":0,"href":"https:\/\/archive.sana.sy\/es\/index.php?rest_route=\/wp\/v2\/posts\/84152\/revisions"}],"wp:featuredmedia":[{"embeddable":true,"href":"https:\/\/archive.sana.sy\/es\/index.php?rest_route=\/wp\/v2\/media\/84153"}],"wp:attachment":[{"href":"https:\/\/archive.sana.sy\/es\/index.php?rest_route=%2Fwp%2Fv2%2Fmedia&parent=84152"}],"wp:term":[{"taxonomy":"category","embeddable":true,"href":"https:\/\/archive.sana.sy\/es\/index.php?rest_route=%2Fwp%2Fv2%2Fcategories&post=84152"},{"taxonomy":"post_tag","embeddable":true,"href":"https:\/\/archive.sana.sy\/es\/index.php?rest_route=%2Fwp%2Fv2%2Ftags&post=84152"}],"curies":[{"name":"wp","href":"https:\/\/api.w.org\/{rel}","templated":true}]}}