{"id":84155,"date":"2018-06-18T18:01:54","date_gmt":"2018-06-18T15:01:54","guid":{"rendered":"https:\/\/www.sana.sy\/es\/?p=84155"},"modified":"2018-06-18T20:00:14","modified_gmt":"2018-06-18T17:00:14","slug":"ejercito-aborta-ataques-terroristas-contra-puestos-militare-en-el-campo-de-quneitra","status":"publish","type":"post","link":"https:\/\/archive.sana.sy\/es\/?p=84155","title":{"rendered":"Ej\u00e9rcito aborta ataques terroristas contra puestos militares en el campo de Quneitra"},"content":{"rendered":"<p><b><span lang=\"ES\">Provincias, SANA<\/span><\/b><\/p>\n<p><b><span lang=\"ES\">Una unidad del Ej<\/span><\/b><b><span lang=\"ES\">\u00e9rcito abort\u00f3 este lunes una arremetida librada por un grupo terrorista afiliado al Frente de al Nousra contra puestos militares en la perifiera del pueblo de Yaba y la colina d Krum Yaba en el campo este de Quneitra, seg\u00fan inform\u00f3 el reportero de SANA.<\/span><\/b><\/p>\n<p><b><span lang=\"ES\">Precis\u00f3 que el ataque terrorista fue desatado desde el eje de Mashara Um Batina \u00a0al Ajram, a\u00f1adiendo que los uniformados sirios lograron infligir bajas y heridos entre las filas de dicho grupo terrorista y destruirle un veh\u00edculo.<\/span><\/b><\/p>\n<p><b><span lang=\"ES\">Hama<\/span><\/b><\/p>\n<p><b><span lang=\"ES\">En el campo noroeste de Hama, una unidad castrense bombarde\u00f3 un veh\u00edculo que transportaba a terrorista en el camino de al Ankawi Kleidin, logrando dejar muertos\u00a0 a todos los terroristas a bordo, inform\u00f3 el reportero de SANA.<\/span><\/b><\/p>\n<p><b><span lang=\"ES\">Los operativos del Ej\u00e9rcito en el campo noroeste de Hama est\u00e1n destinados a impedir la infiltraci\u00f3n de los terroristas y cortar el suministro log\u00edstico a los grupos que atacan a los puntos militares del Ej\u00e9rcito en dicha \u00e1rea.<\/span><\/b><\/p>\n<p><b><span lang=\"ES\">Es de se\u00f1alar que \u00a0<\/span><\/b><b><span lang=\"ES\">grupos terroristas afiliados al Frente de al Nousra y apoyado por el r\u00e9gimen turco, tales como el Ej\u00e9rcito de Ezza\u00a0 y el Partido de Turquest\u00e1n \u00a0se despliegan en los campos de Hama e Idleb.<\/span><\/b><\/p>\n<p><b><span lang=\"ES\">Lynn A.<\/span><\/b><\/p>\n","protected":false},"excerpt":{"rendered":"<p>Provincias, SANA Una unidad del Ej\u00e9rcito abort\u00f3 este lunes una arremetida librada por un grupo terrorista afiliado al Frente de al Nousra contra puestos militares en la perifiera del pueblo de Yaba y la colina d Krum Yaba en el campo este de Quneitra, seg\u00fan inform\u00f3 el reportero de SANA. Precis\u00f3 que el ataque terrorista &hellip;<\/p>\n","protected":false},"author":24,"featured_media":84156,"comment_status":"closed","ping_status":"closed","sticky":false,"template":"","format":"standard","meta":{"footnotes":""},"categories":[573,583,7541],"tags":[],"class_list":["post-84155","post","type-post","status-publish","format-standard","has-post-thumbnail","","category-la-realidad-de-los-acontecimientos-en-siria","category-slide","category-ultimas-noticias"],"_links":{"self":[{"href":"https:\/\/archive.sana.sy\/es\/index.php?rest_route=\/wp\/v2\/posts\/84155"}],"collection":[{"href":"https:\/\/archive.sana.sy\/es\/index.php?rest_route=\/wp\/v2\/posts"}],"about":[{"href":"https:\/\/archive.sana.sy\/es\/index.php?rest_route=\/wp\/v2\/types\/post"}],"author":[{"embeddable":true,"href":"https:\/\/archive.sana.sy\/es\/index.php?rest_route=\/wp\/v2\/users\/24"}],"replies":[{"embeddable":true,"href":"https:\/\/archive.sana.sy\/es\/index.php?rest_route=%2Fwp%2Fv2%2Fcomments&post=84155"}],"version-history":[{"count":0,"href":"https:\/\/archive.sana.sy\/es\/index.php?rest_route=\/wp\/v2\/posts\/84155\/revisions"}],"wp:featuredmedia":[{"embeddable":true,"href":"https:\/\/archive.sana.sy\/es\/index.php?rest_route=\/wp\/v2\/media\/84156"}],"wp:attachment":[{"href":"https:\/\/archive.sana.sy\/es\/index.php?rest_route=%2Fwp%2Fv2%2Fmedia&parent=84155"}],"wp:term":[{"taxonomy":"category","embeddable":true,"href":"https:\/\/archive.sana.sy\/es\/index.php?rest_route=%2Fwp%2Fv2%2Fcategories&post=84155"},{"taxonomy":"post_tag","embeddable":true,"href":"https:\/\/archive.sana.sy\/es\/index.php?rest_route=%2Fwp%2Fv2%2Ftags&post=84155"}],"curies":[{"name":"wp","href":"https:\/\/api.w.org\/{rel}","templated":true}]}}