{"id":84159,"date":"2018-06-18T18:35:16","date_gmt":"2018-06-18T15:35:16","guid":{"rendered":"https:\/\/www.sana.sy\/es\/?p=84159"},"modified":"2023-01-10T15:16:32","modified_gmt":"2023-01-10T13:16:32","slug":"siria-e-iran-abordan-mecanismos-para-desarrollar-cooperacion-economica-y-comercial","status":"publish","type":"post","link":"https:\/\/archive.sana.sy\/es\/?p=84159","title":{"rendered":"Siria e Ir\u00e1n abordan mecanismos para desarrollar cooperaci\u00f3n econ\u00f3mica y comercial"},"content":{"rendered":"<p><span lang=\"ES\">Teher\u00e1n, SANA<\/span><\/p>\n<p><span lang=\"ES\">El ministro de Econom\u00eda y Comercio Exterior, Mohamad Samer Khalil, presidente de la parte siria en la Comisi\u00f3n Econ\u00f3mica Ministerial mixta sirio iran\u00ed, examin\u00f3 este lunes con el ministro <\/span><span lang=\"ES\">de Carreteras y Desarrollo Urbano de Ir\u00e1n<\/span>, Abbas Akhoundi, presidente de la parte iran\u00ed en la misma comisi\u00f3n, las v\u00edas de impulsar los mecanismos de cooperaci\u00f3n econ\u00f3mica, comercial, financiera e de inversi\u00f3n entre ambos pa\u00edses.<\/p>\n<p><span lang=\"ES\">El ministro sirio abord\u00f3 con Akhoundi el acuerdo econ\u00f3mico estrat\u00e9gico a largo plazo que vincula Siria con Ir\u00e1n, y que consiste en la base de todos los acuerdos econ\u00f3micos venideros.<\/span><\/p>\n<p><span lang=\"ES\">El titular de Econom\u00eda sirio expres\u00f3 el inter\u00e9s de Siria en desarrollar los v\u00ednculos econ\u00f3micos, financieros, bancarios, comerciales, y de inversi\u00f3n entre ambos pa\u00edses, destacando la importancia de aprovechar de la experiencia iran\u00ed en materia de la reconstrucci\u00f3n para aplicarla en el periodo venidero en Siria.<\/span><\/p>\n<p><span lang=\"ES\">Akhoundi, por su parte, resalt\u00f3 la importancia de mantener las consultas entre ambos pa\u00edses para lograr las metas anheladas y aportar beneficios a ambos pueblos.<\/span><\/p>\n<p><b><span lang=\"ES\">Lynn A.<\/span><\/b><\/p>\n","protected":false},"excerpt":{"rendered":"<p>Teher\u00e1n, SANA El ministro de Econom\u00eda y Comercio Exterior, Mohamad Samer Khalil, presidente de la parte siria en la Comisi\u00f3n Econ\u00f3mica Ministerial mixta sirio iran\u00ed, examin\u00f3 este lunes con el ministro de Carreteras y Desarrollo Urbano de Ir\u00e1n, Abbas Akhoundi, presidente de la parte iran\u00ed en la misma comisi\u00f3n, las v\u00edas de impulsar los mecanismos &hellip;<\/p>\n","protected":false},"author":24,"featured_media":84160,"comment_status":"closed","ping_status":"closed","sticky":false,"template":"","format":"standard","meta":{"footnotes":""},"categories":[485,573,7541],"tags":[],"class_list":["post-84159","post","type-post","status-publish","format-standard","has-post-thumbnail","","category-informes-negocios-y-finanzas","category-la-realidad-de-los-acontecimientos-en-siria","category-ultimas-noticias"],"_links":{"self":[{"href":"https:\/\/archive.sana.sy\/es\/index.php?rest_route=\/wp\/v2\/posts\/84159"}],"collection":[{"href":"https:\/\/archive.sana.sy\/es\/index.php?rest_route=\/wp\/v2\/posts"}],"about":[{"href":"https:\/\/archive.sana.sy\/es\/index.php?rest_route=\/wp\/v2\/types\/post"}],"author":[{"embeddable":true,"href":"https:\/\/archive.sana.sy\/es\/index.php?rest_route=\/wp\/v2\/users\/24"}],"replies":[{"embeddable":true,"href":"https:\/\/archive.sana.sy\/es\/index.php?rest_route=%2Fwp%2Fv2%2Fcomments&post=84159"}],"version-history":[{"count":0,"href":"https:\/\/archive.sana.sy\/es\/index.php?rest_route=\/wp\/v2\/posts\/84159\/revisions"}],"wp:featuredmedia":[{"embeddable":true,"href":"https:\/\/archive.sana.sy\/es\/index.php?rest_route=\/wp\/v2\/media\/84160"}],"wp:attachment":[{"href":"https:\/\/archive.sana.sy\/es\/index.php?rest_route=%2Fwp%2Fv2%2Fmedia&parent=84159"}],"wp:term":[{"taxonomy":"category","embeddable":true,"href":"https:\/\/archive.sana.sy\/es\/index.php?rest_route=%2Fwp%2Fv2%2Fcategories&post=84159"},{"taxonomy":"post_tag","embeddable":true,"href":"https:\/\/archive.sana.sy\/es\/index.php?rest_route=%2Fwp%2Fv2%2Ftags&post=84159"}],"curies":[{"name":"wp","href":"https:\/\/api.w.org\/{rel}","templated":true}]}}