{"id":84208,"date":"2018-06-19T16:42:21","date_gmt":"2018-06-19T13:42:21","guid":{"rendered":"https:\/\/www.sana.sy\/es\/?p=84208"},"modified":"2023-01-10T15:16:32","modified_gmt":"2023-01-10T13:16:32","slug":"siria-e-iran-analizan-perspectivas-de-cooperacion-economica-y-comercial","status":"publish","type":"post","link":"https:\/\/archive.sana.sy\/es\/?p=84208","title":{"rendered":"Siria e Ir\u00e1n analizan perspectivas de cooperaci\u00f3n econ\u00f3mica y comercial"},"content":{"rendered":"<p><span style=\"color: #800000\">Teher\u00e1n, SANA-\u00a0<\/span>El ministro de Econom\u00eda y Comercio Exterior, Mohammad Samer al-Khalil, discuti\u00f3 con el ministro de Industria, Miner\u00eda y Comercio iran\u00ed, Mohammad Shariatmadari, las perspectivas de la cooperaci\u00f3n econ\u00f3mica conjunta y los medios para ampliarla.<\/p>\n<p>Al-Khalil encabeza el lado sirio del Comit\u00e9 Econ\u00f3mico Ministerial Conjunta sirio-iran\u00ed.<\/p>\n<p>Durante su reuni\u00f3n en Teher\u00e1n el martes en presencia del Embajador de Siria en Ir\u00e1n, el Dr. Adnan Mahmoud, los dos ministros expresaron su inter\u00e9s en beneficiarse de los potenciales disponibles en los sectores p\u00fablico y privado en ambos pa\u00edses para mejorar la cooperaci\u00f3n en diferentes \u00e1mbitos econ\u00f3mico, comercial y dominios de inversi\u00f3n.<\/p>\n<p>Ambas partes discutieron los medios para desarrollar y activar el Tratado de Libre Comercio, revivir la inversi\u00f3n conjunta de algunas zonas francas, establecer bancos conjuntos e intercambiar la apertura de cuentas y transacciones en monedas locales.<\/p>\n<p>Al-Khalil agradeci\u00f3 a la direcci\u00f3n, el gobierno y el pueblo iran\u00edes por apoyar a Siria en su guerra contra el terrorismo.<\/p>\n<p>&#8220;Ir\u00e1n ser\u00e1 un socio principal en el proceso de reconstrucci\u00f3n&#8221;, dijo.<\/p>\n<p>Por su parte, Shariatmadari describi\u00f3 las relaciones sirio-iran\u00edes como &#8220;estrat\u00e9gicas y profundamente arraigadas&#8221;.<\/p>\n<p>El ministro iran\u00ed esperaba que se limpiaran todas las tierras sirias del terrorismo.<\/p>\n<p>&#8220;Despu\u00e9s de lograr la victoria sobre el terrorismo, comenzar\u00e1 la fase de reconstrucci\u00f3n de Siria&#8221;, dijo Shariatmadari, expresando la total disposici\u00f3n de Ir\u00e1n para una participaci\u00f3n activa en esta fase y para la cooperaci\u00f3n en todos los \u00e1mbitos.<\/p>\n<p>M\/Miri<\/p>\n","protected":false},"excerpt":{"rendered":"<p>Teher\u00e1n, SANA-\u00a0El ministro de Econom\u00eda y Comercio Exterior, Mohammad Samer al-Khalil, discuti\u00f3 con el ministro de Industria, Miner\u00eda y Comercio iran\u00ed, Mohammad Shariatmadari, las perspectivas de la cooperaci\u00f3n econ\u00f3mica conjunta y los medios para ampliarla. Al-Khalil encabeza el lado sirio del Comit\u00e9 Econ\u00f3mico Ministerial Conjunta sirio-iran\u00ed. Durante su reuni\u00f3n en Teher\u00e1n el martes en presencia &hellip;<\/p>\n","protected":false},"author":1,"featured_media":84209,"comment_status":"closed","ping_status":"closed","sticky":false,"template":"","format":"standard","meta":{"footnotes":""},"categories":[597,485,7541],"tags":[12135],"class_list":["post-84208","post","type-post","status-publish","format-standard","has-post-thumbnail","","category-cinta-de-noticias","category-informes-negocios-y-finanzas","category-ultimas-noticias","tag-comite-economico-ministerial-conjunta-sirio-irani"],"_links":{"self":[{"href":"https:\/\/archive.sana.sy\/es\/index.php?rest_route=\/wp\/v2\/posts\/84208"}],"collection":[{"href":"https:\/\/archive.sana.sy\/es\/index.php?rest_route=\/wp\/v2\/posts"}],"about":[{"href":"https:\/\/archive.sana.sy\/es\/index.php?rest_route=\/wp\/v2\/types\/post"}],"author":[{"embeddable":true,"href":"https:\/\/archive.sana.sy\/es\/index.php?rest_route=\/wp\/v2\/users\/1"}],"replies":[{"embeddable":true,"href":"https:\/\/archive.sana.sy\/es\/index.php?rest_route=%2Fwp%2Fv2%2Fcomments&post=84208"}],"version-history":[{"count":0,"href":"https:\/\/archive.sana.sy\/es\/index.php?rest_route=\/wp\/v2\/posts\/84208\/revisions"}],"wp:featuredmedia":[{"embeddable":true,"href":"https:\/\/archive.sana.sy\/es\/index.php?rest_route=\/wp\/v2\/media\/84209"}],"wp:attachment":[{"href":"https:\/\/archive.sana.sy\/es\/index.php?rest_route=%2Fwp%2Fv2%2Fmedia&parent=84208"}],"wp:term":[{"taxonomy":"category","embeddable":true,"href":"https:\/\/archive.sana.sy\/es\/index.php?rest_route=%2Fwp%2Fv2%2Fcategories&post=84208"},{"taxonomy":"post_tag","embeddable":true,"href":"https:\/\/archive.sana.sy\/es\/index.php?rest_route=%2Fwp%2Fv2%2Ftags&post=84208"}],"curies":[{"name":"wp","href":"https:\/\/api.w.org\/{rel}","templated":true}]}}