{"id":84214,"date":"2018-06-19T15:57:02","date_gmt":"2018-06-19T12:57:02","guid":{"rendered":"https:\/\/www.sana.sy\/es\/?p=84214"},"modified":"2018-06-19T16:05:37","modified_gmt":"2018-06-19T13:05:37","slug":"2-civiles-heridos-deja-un-ataque-de-la-alianza-saudi-contra-saada-en-yemen","status":"publish","type":"post","link":"https:\/\/archive.sana.sy\/es\/?p=84214","title":{"rendered":"Mueren 6 yemen\u00edes en ataques a\u00e9reos saud\u00edes a Hodeidah"},"content":{"rendered":"<p><span style=\"color: #800000\">San\u00e1, SANA<\/span>\u2013 Seis yemen\u00edes, entre ellos cuatro mujeres, murieron hoy en una incursi\u00f3n de la Fuerza A\u00e9rea Saud\u00ed realizada contra un autob\u00fas en la ciudad occidental de Hodeidah.<\/p>\n<p>\u201cUn autob\u00fas de pasajeros que se encontraba cerca de la aldea de Gharassi, ha sido blanco de un ataque a\u00e9reo saud\u00ed, donde seis personas perdieron la vida, incluidas cuatro mujeres\u201d, inform\u00f3 una fuente de seguridad yemen\u00ed.<\/p>\n<p>Antes, una ni\u00f1a y un civil resultaron heridos en un ataque llevado a cabo mediante fuego de cohetes y de artiller\u00eda del r\u00e9gimen saudita contra la provincia yemen\u00ed de Saada.<\/p>\n<p>\u201cUn bombardeo de artiller\u00eda y de misiles de la agresi\u00f3n dirigida por Arabia Saud\u00ed contra zonas residenciales en el distrito de Razih, gobernaci\u00f3n de Saada, hiri\u00f3 a un ni\u00f1a y un hombre\u201d, inform\u00f3 una fuente de seguridad del pa\u00eds \u00e1rabe.<\/p>\n<p>En el mismo contexto, las fuerzas de la coalici\u00f3n liderada por el r\u00e9gimen saud\u00ed llevan alrededor de una semana realizando ataques terrestres y a\u00e9reos contra la ciudad occidental de Hodeidah, en el contexto de su continua agresi\u00f3n al pa\u00eds desde m\u00e1s de tres a\u00f1os.<\/p>\n<p>Por otra parte, varios mercenarios sauditas fueron eliminados y otros resultaron heridos tras ser blancos de ataques del ej\u00e9rcito yemen\u00ed y de los comit\u00e9s populares en la regi\u00f3n de Asir.<\/p>\n<p>Una fuente militar de Yemen: El ej\u00e9rcito y los comit\u00e9s populares atacaron con cohetes Katyusha concentraciones de mercenarios saud\u00edes al oeste de Asir.<\/p>\n<p>&nbsp;<\/p>\n<p>&nbsp;<\/p>\n<p>M\/Miri<\/p>\n","protected":false},"excerpt":{"rendered":"<p>San\u00e1, SANA\u2013 Seis yemen\u00edes, entre ellos cuatro mujeres, murieron hoy en una incursi\u00f3n de la Fuerza A\u00e9rea Saud\u00ed realizada contra un autob\u00fas en la ciudad occidental de Hodeidah. \u201cUn autob\u00fas de pasajeros que se encontraba cerca de la aldea de Gharassi, ha sido blanco de un ataque a\u00e9reo saud\u00ed, donde seis personas perdieron la vida, &hellip;<\/p>\n","protected":false},"author":1,"featured_media":84215,"comment_status":"closed","ping_status":"closed","sticky":false,"template":"","format":"standard","meta":{"footnotes":""},"categories":[597,456,457,7541],"tags":[6304],"class_list":["post-84214","post","type-post","status-publish","format-standard","has-post-thumbnail","","category-cinta-de-noticias","category-arabe-internacional-politica","category-noticias-arabe-internacional-politica","category-ultimas-noticias","tag-yemen"],"_links":{"self":[{"href":"https:\/\/archive.sana.sy\/es\/index.php?rest_route=\/wp\/v2\/posts\/84214"}],"collection":[{"href":"https:\/\/archive.sana.sy\/es\/index.php?rest_route=\/wp\/v2\/posts"}],"about":[{"href":"https:\/\/archive.sana.sy\/es\/index.php?rest_route=\/wp\/v2\/types\/post"}],"author":[{"embeddable":true,"href":"https:\/\/archive.sana.sy\/es\/index.php?rest_route=\/wp\/v2\/users\/1"}],"replies":[{"embeddable":true,"href":"https:\/\/archive.sana.sy\/es\/index.php?rest_route=%2Fwp%2Fv2%2Fcomments&post=84214"}],"version-history":[{"count":0,"href":"https:\/\/archive.sana.sy\/es\/index.php?rest_route=\/wp\/v2\/posts\/84214\/revisions"}],"wp:featuredmedia":[{"embeddable":true,"href":"https:\/\/archive.sana.sy\/es\/index.php?rest_route=\/wp\/v2\/media\/84215"}],"wp:attachment":[{"href":"https:\/\/archive.sana.sy\/es\/index.php?rest_route=%2Fwp%2Fv2%2Fmedia&parent=84214"}],"wp:term":[{"taxonomy":"category","embeddable":true,"href":"https:\/\/archive.sana.sy\/es\/index.php?rest_route=%2Fwp%2Fv2%2Fcategories&post=84214"},{"taxonomy":"post_tag","embeddable":true,"href":"https:\/\/archive.sana.sy\/es\/index.php?rest_route=%2Fwp%2Fv2%2Ftags&post=84214"}],"curies":[{"name":"wp","href":"https:\/\/api.w.org\/{rel}","templated":true}]}}