{"id":8425,"date":"2014-09-05T17:58:09","date_gmt":"2014-09-05T14:58:09","guid":{"rendered":"http:\/\/www.sana.sy\/es\/?p=8425"},"modified":"2014-09-05T17:58:09","modified_gmt":"2014-09-05T14:58:09","slug":"pushkov-la-otan-debe-luchar-contra-los-terroristas-en-irak","status":"publish","type":"post","link":"https:\/\/archive.sana.sy\/es\/?p=8425","title":{"rendered":"Pushkov: la OTAN debe luchar contra los terroristas en Irak"},"content":{"rendered":"<p style=\"text-align: justify\"><span style=\"color: #800000\">Mosc\u00fa, SANA<\/span><\/p>\n<p style=\"text-align: justify\">El jefe del comit\u00e9 de Relaciones Internacionales de la Duma, Alexei Pushkov, ha comentado informes de medios acerca de la intenci\u00f3n de colocar una fuerza de reacci\u00f3n r\u00e1pida de la OTAN en Polonia.<\/p>\n<p style=\"text-align: justify\">En su micro blog en Twitter, Pushkov, escribi\u00f3 que la OTAN deber\u00eda dar cabida a cuatro mil combatientes de unidades de reacci\u00f3n r\u00e1pida no en Polonia contra Rusia, sino en Irak, en la parte capturada por la organizaci\u00f3n terrorista &#8220;Estado Isl\u00e1mico de Irak y el Levante.&#8221;<\/p>\n<p style=\"text-align: justify\"><span style=\"color: #0000ff\">Ghifar Al.<\/span><\/p>\n","protected":false},"excerpt":{"rendered":"<p>Mosc\u00fa, SANA El jefe del comit\u00e9 de Relaciones Internacionales de la Duma, Alexei Pushkov, ha comentado informes de medios acerca de la intenci\u00f3n de colocar una fuerza de reacci\u00f3n r\u00e1pida de la OTAN en Polonia. En su micro blog en Twitter, Pushkov, escribi\u00f3 que la OTAN deber\u00eda dar cabida a cuatro mil combatientes de unidades &hellip;<\/p>\n","protected":false},"author":1,"featured_media":8426,"comment_status":"closed","ping_status":"closed","sticky":false,"template":"","format":"standard","meta":{"footnotes":""},"categories":[597,456,457,576],"tags":[1914],"class_list":["post-8425","post","type-post","status-publish","format-standard","has-post-thumbnail","","category-cinta-de-noticias","category-arabe-internacional-politica","category-noticias-arabe-internacional-politica","category-noticias-politicas","tag-pushkov-la-otan-debe-luchar-contra-los-terroristas-en-irak"],"_links":{"self":[{"href":"https:\/\/archive.sana.sy\/es\/index.php?rest_route=\/wp\/v2\/posts\/8425"}],"collection":[{"href":"https:\/\/archive.sana.sy\/es\/index.php?rest_route=\/wp\/v2\/posts"}],"about":[{"href":"https:\/\/archive.sana.sy\/es\/index.php?rest_route=\/wp\/v2\/types\/post"}],"author":[{"embeddable":true,"href":"https:\/\/archive.sana.sy\/es\/index.php?rest_route=\/wp\/v2\/users\/1"}],"replies":[{"embeddable":true,"href":"https:\/\/archive.sana.sy\/es\/index.php?rest_route=%2Fwp%2Fv2%2Fcomments&post=8425"}],"version-history":[{"count":0,"href":"https:\/\/archive.sana.sy\/es\/index.php?rest_route=\/wp\/v2\/posts\/8425\/revisions"}],"wp:featuredmedia":[{"embeddable":true,"href":"https:\/\/archive.sana.sy\/es\/index.php?rest_route=\/wp\/v2\/media\/8426"}],"wp:attachment":[{"href":"https:\/\/archive.sana.sy\/es\/index.php?rest_route=%2Fwp%2Fv2%2Fmedia&parent=8425"}],"wp:term":[{"taxonomy":"category","embeddable":true,"href":"https:\/\/archive.sana.sy\/es\/index.php?rest_route=%2Fwp%2Fv2%2Fcategories&post=8425"},{"taxonomy":"post_tag","embeddable":true,"href":"https:\/\/archive.sana.sy\/es\/index.php?rest_route=%2Fwp%2Fv2%2Ftags&post=8425"}],"curies":[{"name":"wp","href":"https:\/\/api.w.org\/{rel}","templated":true}]}}