{"id":84274,"date":"2018-06-21T10:25:09","date_gmt":"2018-06-21T07:25:09","guid":{"rendered":"https:\/\/www.sana.sy\/es\/?p=84274"},"modified":"2018-06-21T11:05:20","modified_gmt":"2018-06-21T08:05:20","slug":"grupos-terroristas-disparan-tres-morteros-contra-un-poblado-en-quneitra","status":"publish","type":"post","link":"https:\/\/archive.sana.sy\/es\/?p=84274","title":{"rendered":"Da\u00f1os materiales en ataques terroristas con morteros en Quneitra y Deraa"},"content":{"rendered":"<p><span style=\"color: #800000;\">Deraa-Quneitra, SANA<\/span><\/p>\n<p>Los grupos terroristas afiliados al Frente Al-Nousra atacaron con proyectiles de mortero al poblado de Jaba, ubicado a 10 km al noreste de la ciudad de Quneitra.<\/p>\n<p>Una fuente militar inform\u00f3 que los terroristas dispararon tres proyectiles de mortero despu\u00e9s de la medianoche del mi\u00e9rcoles, contra las casas de los civiles en el poblado de Jaba, lo que caus\u00f3 da\u00f1os materiales.<\/p>\n<p>En el d\u00eda anterior, un civil muri\u00f3 y otros 10 resultaron heridos en un ataque terrorista contra la misma aldea.<\/p>\n<p>En la provincia de Deraa, los terroristas dispararon un cohete contra la zona del Panorama en la parte norte de la cabecera provincial Deraa.<\/p>\n<p>El cohete cay\u00f3 en uno de los parques m\u00e1s recurridos de la ciudad y provoc\u00f3 da\u00f1os materiales sin causar v\u00edctimas.<\/p>\n<p><span style=\"color: #0000ff;\">F. Marouf\/ Dr. A. Shaban<\/span><\/p>\n<p>&nbsp;<\/p>\n","protected":false},"excerpt":{"rendered":"<p>Deraa-Quneitra, SANA Los grupos terroristas afiliados al Frente Al-Nousra atacaron con proyectiles de mortero al poblado de Jaba, ubicado a 10 km al noreste de la ciudad de Quneitra. Una fuente militar inform\u00f3 que los terroristas dispararon tres proyectiles de mortero despu\u00e9s de la medianoche del mi\u00e9rcoles, contra las casas de los civiles en el &hellip;<\/p>\n","protected":false},"author":1,"featured_media":84275,"comment_status":"closed","ping_status":"closed","sticky":false,"template":"","format":"standard","meta":{"footnotes":""},"categories":[597,573,476,7541],"tags":[12143],"class_list":["post-84274","post","type-post","status-publish","format-standard","has-post-thumbnail","","category-cinta-de-noticias","category-la-realidad-de-los-acontecimientos-en-siria","category-locales","category-ultimas-noticias","tag-danos-materiales-en-ataques-terroristas-con-morteros-en-quneitra-y-deraa"],"_links":{"self":[{"href":"https:\/\/archive.sana.sy\/es\/index.php?rest_route=\/wp\/v2\/posts\/84274"}],"collection":[{"href":"https:\/\/archive.sana.sy\/es\/index.php?rest_route=\/wp\/v2\/posts"}],"about":[{"href":"https:\/\/archive.sana.sy\/es\/index.php?rest_route=\/wp\/v2\/types\/post"}],"author":[{"embeddable":true,"href":"https:\/\/archive.sana.sy\/es\/index.php?rest_route=\/wp\/v2\/users\/1"}],"replies":[{"embeddable":true,"href":"https:\/\/archive.sana.sy\/es\/index.php?rest_route=%2Fwp%2Fv2%2Fcomments&post=84274"}],"version-history":[{"count":0,"href":"https:\/\/archive.sana.sy\/es\/index.php?rest_route=\/wp\/v2\/posts\/84274\/revisions"}],"wp:featuredmedia":[{"embeddable":true,"href":"https:\/\/archive.sana.sy\/es\/index.php?rest_route=\/wp\/v2\/media\/84275"}],"wp:attachment":[{"href":"https:\/\/archive.sana.sy\/es\/index.php?rest_route=%2Fwp%2Fv2%2Fmedia&parent=84274"}],"wp:term":[{"taxonomy":"category","embeddable":true,"href":"https:\/\/archive.sana.sy\/es\/index.php?rest_route=%2Fwp%2Fv2%2Fcategories&post=84274"},{"taxonomy":"post_tag","embeddable":true,"href":"https:\/\/archive.sana.sy\/es\/index.php?rest_route=%2Fwp%2Fv2%2Ftags&post=84274"}],"curies":[{"name":"wp","href":"https:\/\/api.w.org\/{rel}","templated":true}]}}