{"id":84281,"date":"2018-06-21T12:47:30","date_gmt":"2018-06-21T09:47:30","guid":{"rendered":"https:\/\/www.sana.sy\/es\/?p=84281"},"modified":"2018-06-21T12:47:30","modified_gmt":"2018-06-21T09:47:30","slug":"moscu-no-confia-en-ningunas-informaciones-contenidas-en-los-informes-de-la-onu-sobre-siria","status":"publish","type":"post","link":"https:\/\/archive.sana.sy\/es\/?p=84281","title":{"rendered":"Mosc\u00fa no conf\u00eda en ningunas informaciones contenidas en los informes de la ONU sobre Siria"},"content":{"rendered":"<p><span style=\"color: #800000;\">Mosc\u00fa, SANA<\/span><\/p>\n<p>El Ministro de Exteriores de Rusia, Serguei Lavrov, dijo que Mosc\u00fa no conf\u00eda en las informaciones contenidas en los informes de la ONU sobre la situaci\u00f3n en Siria porque salen de comit\u00e9s que no hacen investigaciones sobre el terreno.<\/p>\n<p>La afirmaci\u00f3n del canciller ruso fue durante una conferencia de prensa conjunta con el secretario general de la ONU, Antonio Guterres.<\/p>\n<p><span style=\"color: #0000ff;\">F. Marouf\/ Dr. A. Shaban<\/span><\/p>\n","protected":false},"excerpt":{"rendered":"<p>Mosc\u00fa, SANA El Ministro de Exteriores de Rusia, Serguei Lavrov, dijo que Mosc\u00fa no conf\u00eda en las informaciones contenidas en los informes de la ONU sobre la situaci\u00f3n en Siria porque salen de comit\u00e9s que no hacen investigaciones sobre el terreno. La afirmaci\u00f3n del canciller ruso fue durante una conferencia de prensa conjunta con el &hellip;<\/p>\n","protected":false},"author":1,"featured_media":84282,"comment_status":"closed","ping_status":"closed","sticky":false,"template":"","format":"standard","meta":{"footnotes":""},"categories":[597,476,467,7541],"tags":[12144],"class_list":["post-84281","post","type-post","status-publish","format-standard","has-post-thumbnail","","category-cinta-de-noticias","category-locales","category-siria-y-el-mundo","category-ultimas-noticias","tag-moscu-no-confia-en-ningunas-informaciones-contenidas-en-los-informes-de-la-onu-sobre-siria"],"_links":{"self":[{"href":"https:\/\/archive.sana.sy\/es\/index.php?rest_route=\/wp\/v2\/posts\/84281"}],"collection":[{"href":"https:\/\/archive.sana.sy\/es\/index.php?rest_route=\/wp\/v2\/posts"}],"about":[{"href":"https:\/\/archive.sana.sy\/es\/index.php?rest_route=\/wp\/v2\/types\/post"}],"author":[{"embeddable":true,"href":"https:\/\/archive.sana.sy\/es\/index.php?rest_route=\/wp\/v2\/users\/1"}],"replies":[{"embeddable":true,"href":"https:\/\/archive.sana.sy\/es\/index.php?rest_route=%2Fwp%2Fv2%2Fcomments&post=84281"}],"version-history":[{"count":0,"href":"https:\/\/archive.sana.sy\/es\/index.php?rest_route=\/wp\/v2\/posts\/84281\/revisions"}],"wp:featuredmedia":[{"embeddable":true,"href":"https:\/\/archive.sana.sy\/es\/index.php?rest_route=\/wp\/v2\/media\/84282"}],"wp:attachment":[{"href":"https:\/\/archive.sana.sy\/es\/index.php?rest_route=%2Fwp%2Fv2%2Fmedia&parent=84281"}],"wp:term":[{"taxonomy":"category","embeddable":true,"href":"https:\/\/archive.sana.sy\/es\/index.php?rest_route=%2Fwp%2Fv2%2Fcategories&post=84281"},{"taxonomy":"post_tag","embeddable":true,"href":"https:\/\/archive.sana.sy\/es\/index.php?rest_route=%2Fwp%2Fv2%2Ftags&post=84281"}],"curies":[{"name":"wp","href":"https:\/\/api.w.org\/{rel}","templated":true}]}}