{"id":84284,"date":"2018-06-21T13:31:19","date_gmt":"2018-06-21T10:31:19","guid":{"rendered":"https:\/\/www.sana.sy\/es\/?p=84284"},"modified":"2018-06-21T18:08:52","modified_gmt":"2018-06-21T15:08:52","slug":"una-unidad-del-ejercito-acaba-con-un-grupo-terrorista-afiliado-a-daesh-en-la-profundidad-de-la-tierra-paramo-de-al-sukhna-en-el-campo-oriental-de-homs","status":"publish","type":"post","link":"https:\/\/archive.sana.sy\/es\/?p=84284","title":{"rendered":"Una unidad del ej\u00e9rcito acaba con un grupo terrorista afiliado a Daesh en la profundidad de la tierra p\u00e1ramo de al-Sukhna en el campo oriental de Homs"},"content":{"rendered":"<p><span style=\"color: #800000\">Homs, SANA<\/span><\/p>\n<p>Una unidad del ej\u00e9rcito \u00e1rabe sirio abati\u00f3 a un grupo terrorista de la organizaci\u00f3n Daesh en la profundidad de la tierra p\u00e1ramo de al-Sukhna en el campo oriental de Homs.<\/p>\n<p>Una fuente militar, en una declaraci\u00f3n a SANA inform\u00f3 que una unidad del ej\u00e9rcito detect\u00f3 movimientos de un grupo de la organizaci\u00f3n Daesh por uno de los ejes de movilidad en el desierto de al-Sukhna, a 70 km al este de la ciudad de Palmira, y aplic\u00f3 las armas adecuadas dando como resultado la liquidaci\u00f3n de los efectivos y la confiscaci\u00f3n de su pertrecho y motocicletas.<\/p>\n<p>Es de se\u00f1alar que unidades del ej\u00e9rcito libraron durante los \u00faltimos d\u00edas un \u00e1rea de 2500 km2 en el desierto de Palmira hasta la frontera sirio-iraqu\u00ed en un frente de 45 de longitud y 60 km de profundidad en marco de una amplia operaci\u00f3n militar contra los elementos Daesh en la Badiya &#8220;tierra p\u00e1ramo&#8221; siria.<\/p>\n<p>En la provincia de Deraa, la artiller\u00eda del ej\u00e9rcito sirio bombarde\u00f3 zulos y fortines de la organizaci\u00f3n terrorista del Frente Al-Nusra en la ciudad de Hrak y el poblado de Busra Harir. La ofensiva del ej\u00e9rcito destruy\u00f3 posciones de los terroristas y acab\u00f3 con un n\u00famero de ellos.<\/p>\n<p>Escuadras del EAS en cooperaci\u00f3n con las fuerzas de defensa del pueblo repelieron ataques de grupos terroristas afiliados al Frente Nusra contra puntos militares en las proximidades de la ciudad de al-Baath, cabecera de la provincia de Quneitra, inform\u00f3 una fuente castrense.<\/p>\n<p>La fuente dijo que fueron librados violentos combates contra los grupos terroristas atacantes, tras los cuales los uniformados lograron repeler el ataque e infligir numerosas bajas en las filas de los terroristas, adem\u00e1s de destruirles armas y municiones.<\/p>\n<p>La fuente a\u00f1adi\u00f3 que los terroristas huyeron hacia los poblados de Hamedieh y Zaghouria tras retirar a sus muertos y heridos.<\/p>\n<p><span style=\"color: #0000ff\">F. Marouf\/Dr. A. Shaban<\/span><\/p>\n","protected":false},"excerpt":{"rendered":"<p>Homs, SANA Una unidad del ej\u00e9rcito \u00e1rabe sirio abati\u00f3 a un grupo terrorista de la organizaci\u00f3n Daesh en la profundidad de la tierra p\u00e1ramo de al-Sukhna en el campo oriental de Homs. Una fuente militar, en una declaraci\u00f3n a SANA inform\u00f3 que una unidad del ej\u00e9rcito detect\u00f3 movimientos de un grupo de la organizaci\u00f3n Daesh &hellip;<\/p>\n","protected":false},"author":1,"featured_media":84267,"comment_status":"closed","ping_status":"closed","sticky":false,"template":"","format":"standard","meta":{"footnotes":""},"categories":[597,573,476,583],"tags":[12145],"class_list":["post-84284","post","type-post","status-publish","format-standard","has-post-thumbnail","","category-cinta-de-noticias","category-la-realidad-de-los-acontecimientos-en-siria","category-locales","category-slide","tag-una-unidad-del-ejercito-acaba-con-un-grupo-terrorista-afiliado-a-daesh-en-la-profundidad-de-la-tierra-paramo-de-al-sukhna-en-el-campo-oriental-de-homs"],"_links":{"self":[{"href":"https:\/\/archive.sana.sy\/es\/index.php?rest_route=\/wp\/v2\/posts\/84284"}],"collection":[{"href":"https:\/\/archive.sana.sy\/es\/index.php?rest_route=\/wp\/v2\/posts"}],"about":[{"href":"https:\/\/archive.sana.sy\/es\/index.php?rest_route=\/wp\/v2\/types\/post"}],"author":[{"embeddable":true,"href":"https:\/\/archive.sana.sy\/es\/index.php?rest_route=\/wp\/v2\/users\/1"}],"replies":[{"embeddable":true,"href":"https:\/\/archive.sana.sy\/es\/index.php?rest_route=%2Fwp%2Fv2%2Fcomments&post=84284"}],"version-history":[{"count":0,"href":"https:\/\/archive.sana.sy\/es\/index.php?rest_route=\/wp\/v2\/posts\/84284\/revisions"}],"wp:featuredmedia":[{"embeddable":true,"href":"https:\/\/archive.sana.sy\/es\/index.php?rest_route=\/wp\/v2\/media\/84267"}],"wp:attachment":[{"href":"https:\/\/archive.sana.sy\/es\/index.php?rest_route=%2Fwp%2Fv2%2Fmedia&parent=84284"}],"wp:term":[{"taxonomy":"category","embeddable":true,"href":"https:\/\/archive.sana.sy\/es\/index.php?rest_route=%2Fwp%2Fv2%2Fcategories&post=84284"},{"taxonomy":"post_tag","embeddable":true,"href":"https:\/\/archive.sana.sy\/es\/index.php?rest_route=%2Fwp%2Fv2%2Ftags&post=84284"}],"curies":[{"name":"wp","href":"https:\/\/api.w.org\/{rel}","templated":true}]}}