{"id":84288,"date":"2018-06-21T18:05:31","date_gmt":"2018-06-21T15:05:31","guid":{"rendered":"https:\/\/www.sana.sy\/es\/?p=84288"},"modified":"2018-06-21T19:42:00","modified_gmt":"2018-06-21T16:42:00","slug":"tres-martires-y-varios-heridos-por-ataques-terroristas-en-sweida-la-ciudad","status":"publish","type":"post","link":"https:\/\/archive.sana.sy\/es\/?p=84288","title":{"rendered":"Tres m\u00e1rtires y varios heridos por ataques terroristas en Sweida la ciudad"},"content":{"rendered":"<p>Sweida-SANA<\/p>\n<p>La organizaci\u00f3n terrorista del Frente Nusra, brazo de al-Qaeda en Siria, y los grupos terroristas que operan bajo su bandera han lanzado agresiones con granadas propulsadas por cohetes contra barrios residenciales de la cabecera provincial de Sweida, ataques que se cobraron un tributo de 3 m\u00e1rtires y dejaron dos personas con heridas.<\/p>\n<p>Seg\u00fan el corresponsal de la Agencia SANA, los terrorist<span class=\"text_exposed_show\">as atrincherados en varias aldeas y localidades del campo este de la provincia vecina de Der\u00e1a apuntaron su ataque contra el barrio residencial de al-Nahdah en la ciudad de Sweida, provocando la muerte de tres ciudadanos, quienes son Hisham al-Najem, Malek Abou Alwan y Firas al-Hasan\u00b4al\u00e1, y la herida de otros dos. <\/span><\/p>\n<p><span class=\"text_exposed_show\">Los ataques dejaron asimismo da\u00f1os materiales en las viviendas y las propiedades de los ciudadanos, y el incendio de dos coches.<\/span><\/p>\n<p><span class=\"text_exposed_show\">El martes pasado, los terroristas atacaban con granadas propulsadas por cohetes otras zonas de la ciudad de Sweida, junto con los poblados de Mjemer, Lebben y Duer, ubicados en el campo oeste de la provincia, cerca de la l\u00ednea lim\u00edtrofe entre ambas provincias sure\u00f1as, limit\u00e1ndose las consecuencias a da\u00f1os materiales en las viviendas, las propiedades y varios coches aparcados en los lugares del impacto.<\/span><\/p>\n<p>Y.K.<\/p>\n","protected":false},"excerpt":{"rendered":"<p>Sweida-SANA La organizaci\u00f3n terrorista del Frente Nusra, brazo de al-Qaeda en Siria, y los grupos terroristas que operan bajo su bandera han lanzado agresiones con granadas propulsadas por cohetes contra barrios residenciales de la cabecera provincial de Sweida, ataques que se cobraron un tributo de 3 m\u00e1rtires y dejaron dos personas con heridas. Seg\u00fan el &hellip;<\/p>\n","protected":false},"author":1,"featured_media":84289,"comment_status":"closed","ping_status":"closed","sticky":false,"template":"","format":"standard","meta":{"footnotes":""},"categories":[597,573,583],"tags":[],"class_list":["post-84288","post","type-post","status-publish","format-standard","has-post-thumbnail","","category-cinta-de-noticias","category-la-realidad-de-los-acontecimientos-en-siria","category-slide"],"_links":{"self":[{"href":"https:\/\/archive.sana.sy\/es\/index.php?rest_route=\/wp\/v2\/posts\/84288"}],"collection":[{"href":"https:\/\/archive.sana.sy\/es\/index.php?rest_route=\/wp\/v2\/posts"}],"about":[{"href":"https:\/\/archive.sana.sy\/es\/index.php?rest_route=\/wp\/v2\/types\/post"}],"author":[{"embeddable":true,"href":"https:\/\/archive.sana.sy\/es\/index.php?rest_route=\/wp\/v2\/users\/1"}],"replies":[{"embeddable":true,"href":"https:\/\/archive.sana.sy\/es\/index.php?rest_route=%2Fwp%2Fv2%2Fcomments&post=84288"}],"version-history":[{"count":0,"href":"https:\/\/archive.sana.sy\/es\/index.php?rest_route=\/wp\/v2\/posts\/84288\/revisions"}],"wp:featuredmedia":[{"embeddable":true,"href":"https:\/\/archive.sana.sy\/es\/index.php?rest_route=\/wp\/v2\/media\/84289"}],"wp:attachment":[{"href":"https:\/\/archive.sana.sy\/es\/index.php?rest_route=%2Fwp%2Fv2%2Fmedia&parent=84288"}],"wp:term":[{"taxonomy":"category","embeddable":true,"href":"https:\/\/archive.sana.sy\/es\/index.php?rest_route=%2Fwp%2Fv2%2Fcategories&post=84288"},{"taxonomy":"post_tag","embeddable":true,"href":"https:\/\/archive.sana.sy\/es\/index.php?rest_route=%2Fwp%2Fv2%2Ftags&post=84288"}],"curies":[{"name":"wp","href":"https:\/\/api.w.org\/{rel}","templated":true}]}}