{"id":84293,"date":"2018-06-21T19:29:08","date_gmt":"2018-06-21T16:29:08","guid":{"rendered":"https:\/\/www.sana.sy\/es\/?p=84293"},"modified":"2023-01-10T15:16:32","modified_gmt":"2023-01-10T13:16:32","slug":"delegacion-gubernamental-visita-zonas-industriales-en-damasco-campo","status":"publish","type":"post","link":"https:\/\/archive.sana.sy\/es\/?p=84293","title":{"rendered":"Delegaci\u00f3n gubernamental visita zonas industriales en Damasco-Campo"},"content":{"rendered":"<p>Damasco-Campo-SANA<\/p>\n<p>Una delegaci\u00f3n ministerial, presidida por Imad Khamis, presidente del Consejo de Ministros, visit\u00f3 hoy las zonas industriales de Qaboun, Zablatani y Qadam, a fin de informarse sobre las obras de rehabilitaci\u00f3n de la infraestructura que tienen lugar all\u00ed.<\/p>\n<p>Los propietarios de las f\u00e1bricas e industrias, le hicieron a Kahmis, una explicaci\u00f3n detallada sobre la realidad en estas \u00e1reas. Acto seguido el primer ministro pidi\u00f3 a todos los establecimientos de servicios, terminar las obras de rehabilitaci\u00f3n de los servicios b\u00e1sicos, durante un plazo no m\u00e1s de 30 d\u00edas.<\/p>\n<p>Y.K.<\/p>\n","protected":false},"excerpt":{"rendered":"<p>Damasco-Campo-SANA Una delegaci\u00f3n ministerial, presidida por Imad Khamis, presidente del Consejo de Ministros, visit\u00f3 hoy las zonas industriales de Qaboun, Zablatani y Qadam, a fin de informarse sobre las obras de rehabilitaci\u00f3n de la infraestructura que tienen lugar all\u00ed. Los propietarios de las f\u00e1bricas e industrias, le hicieron a Kahmis, una explicaci\u00f3n detallada sobre la &hellip;<\/p>\n","protected":false},"author":1,"featured_media":84294,"comment_status":"closed","ping_status":"closed","sticky":false,"template":"","format":"standard","meta":{"footnotes":""},"categories":[485,476,7541],"tags":[],"class_list":["post-84293","post","type-post","status-publish","format-standard","has-post-thumbnail","","category-informes-negocios-y-finanzas","category-locales","category-ultimas-noticias"],"_links":{"self":[{"href":"https:\/\/archive.sana.sy\/es\/index.php?rest_route=\/wp\/v2\/posts\/84293"}],"collection":[{"href":"https:\/\/archive.sana.sy\/es\/index.php?rest_route=\/wp\/v2\/posts"}],"about":[{"href":"https:\/\/archive.sana.sy\/es\/index.php?rest_route=\/wp\/v2\/types\/post"}],"author":[{"embeddable":true,"href":"https:\/\/archive.sana.sy\/es\/index.php?rest_route=\/wp\/v2\/users\/1"}],"replies":[{"embeddable":true,"href":"https:\/\/archive.sana.sy\/es\/index.php?rest_route=%2Fwp%2Fv2%2Fcomments&post=84293"}],"version-history":[{"count":0,"href":"https:\/\/archive.sana.sy\/es\/index.php?rest_route=\/wp\/v2\/posts\/84293\/revisions"}],"wp:featuredmedia":[{"embeddable":true,"href":"https:\/\/archive.sana.sy\/es\/index.php?rest_route=\/wp\/v2\/media\/84294"}],"wp:attachment":[{"href":"https:\/\/archive.sana.sy\/es\/index.php?rest_route=%2Fwp%2Fv2%2Fmedia&parent=84293"}],"wp:term":[{"taxonomy":"category","embeddable":true,"href":"https:\/\/archive.sana.sy\/es\/index.php?rest_route=%2Fwp%2Fv2%2Fcategories&post=84293"},{"taxonomy":"post_tag","embeddable":true,"href":"https:\/\/archive.sana.sy\/es\/index.php?rest_route=%2Fwp%2Fv2%2Ftags&post=84293"}],"curies":[{"name":"wp","href":"https:\/\/api.w.org\/{rel}","templated":true}]}}