{"id":8431,"date":"2014-09-05T18:15:07","date_gmt":"2014-09-05T15:15:07","guid":{"rendered":"http:\/\/www.sana.sy\/es\/?p=8431"},"modified":"2014-09-05T18:15:29","modified_gmt":"2014-09-05T15:15:29","slug":"los-lideres-de-los-paises-miembros-de-la-otan-condenan-las-barbaries-acciones-de-la-organizacion-terrorista-ei","status":"publish","type":"post","link":"https:\/\/archive.sana.sy\/es\/?p=8431","title":{"rendered":"Los l\u00edderes de los pa\u00edses miembros de la OTAN condenan las barbaries acciones de la organizaci\u00f3n terrorista (EI)"},"content":{"rendered":"<p style=\"text-align: justify\"><span style=\"color: #800000\">Londres, SANA<\/span><\/p>\n<p style=\"text-align: justify\">Los l\u00edderes de los pa\u00edses miembros de la OTAN condenaron las barbaries acciones de la organizaci\u00f3n terrorista \u201cEstado Isl\u00e1mico de Irak y el Levante\u201d.<\/p>\n<p style=\"text-align: justify\">La Agencia France-Presse cit\u00f3 al primer ministro brit\u00e1nico David Cameron en la cumbre de Newport: \u201cEl peligro que representa la EI aumenta la determinaci\u00f3n de defender nuestros valores y de destruir esta organizaci\u00f3n, la cual, despu\u00e9s de la muerte de dos rehenes estadounidenses, amenaz\u00f3 con ejecutar a un reh\u00e9n brit\u00e1nico\u201d.<\/p>\n<p style=\"text-align: justify\">Seg\u00fan fuentes diplom\u00e1ticas, una reuni\u00f3n se celebr\u00f3 en la ma\u00f1ana de hoy en Nueva York con la participaci\u00f3n de los Estados Unidos, Gran Breta\u00f1a, Francia, Alemania, Italia, Turqu\u00eda, Polonia, Canad\u00e1, Dinamarca y Australia.<\/p>\n<p style=\"text-align: justify\"><span style=\"color: #0000ff\">Ghifar Al.<\/span><\/p>\n","protected":false},"excerpt":{"rendered":"<p>Londres, SANA Los l\u00edderes de los pa\u00edses miembros de la OTAN condenaron las barbaries acciones de la organizaci\u00f3n terrorista \u201cEstado Isl\u00e1mico de Irak y el Levante\u201d. La Agencia France-Presse cit\u00f3 al primer ministro brit\u00e1nico David Cameron en la cumbre de Newport: \u201cEl peligro que representa la EI aumenta la determinaci\u00f3n de defender nuestros valores y &hellip;<\/p>\n","protected":false},"author":1,"featured_media":8432,"comment_status":"closed","ping_status":"closed","sticky":false,"template":"","format":"standard","meta":{"footnotes":""},"categories":[597,456,457,576],"tags":[1916],"class_list":["post-8431","post","type-post","status-publish","format-standard","has-post-thumbnail","","category-cinta-de-noticias","category-arabe-internacional-politica","category-noticias-arabe-internacional-politica","category-noticias-politicas","tag-los-lideres-de-los-paises-miembros-de-la-otan-condenan-las-barbaries-acciones-de-la-organizacion-terrorista-ei"],"_links":{"self":[{"href":"https:\/\/archive.sana.sy\/es\/index.php?rest_route=\/wp\/v2\/posts\/8431"}],"collection":[{"href":"https:\/\/archive.sana.sy\/es\/index.php?rest_route=\/wp\/v2\/posts"}],"about":[{"href":"https:\/\/archive.sana.sy\/es\/index.php?rest_route=\/wp\/v2\/types\/post"}],"author":[{"embeddable":true,"href":"https:\/\/archive.sana.sy\/es\/index.php?rest_route=\/wp\/v2\/users\/1"}],"replies":[{"embeddable":true,"href":"https:\/\/archive.sana.sy\/es\/index.php?rest_route=%2Fwp%2Fv2%2Fcomments&post=8431"}],"version-history":[{"count":0,"href":"https:\/\/archive.sana.sy\/es\/index.php?rest_route=\/wp\/v2\/posts\/8431\/revisions"}],"wp:featuredmedia":[{"embeddable":true,"href":"https:\/\/archive.sana.sy\/es\/index.php?rest_route=\/wp\/v2\/media\/8432"}],"wp:attachment":[{"href":"https:\/\/archive.sana.sy\/es\/index.php?rest_route=%2Fwp%2Fv2%2Fmedia&parent=8431"}],"wp:term":[{"taxonomy":"category","embeddable":true,"href":"https:\/\/archive.sana.sy\/es\/index.php?rest_route=%2Fwp%2Fv2%2Fcategories&post=8431"},{"taxonomy":"post_tag","embeddable":true,"href":"https:\/\/archive.sana.sy\/es\/index.php?rest_route=%2Fwp%2Fv2%2Ftags&post=8431"}],"curies":[{"name":"wp","href":"https:\/\/api.w.org\/{rel}","templated":true}]}}