{"id":84374,"date":"2018-06-24T08:30:38","date_gmt":"2018-06-24T05:30:38","guid":{"rendered":"https:\/\/www.sana.sy\/es\/?p=84374"},"modified":"2018-06-24T12:08:03","modified_gmt":"2018-06-24T09:08:03","slug":"dos-martires-y-cinco-heridos-en-atentados-terroristas-con-proyectiles-contra-la-ciudad-de-deraa","status":"publish","type":"post","link":"https:\/\/archive.sana.sy\/es\/?p=84374","title":{"rendered":"Dos m\u00e1rtires y cinco heridos en atentados terroristas con proyectiles contra la ciudad de Deraa"},"content":{"rendered":"<p><span style=\"color: #800000;\">Deraa y Suwaida, SANA<\/span><\/p>\n<p>Un hombre y un ni\u00f1o murieron y otros 5 resultaron heridos cuando las organizaciones terroristas agredieron con proyectiles cohete el barrio al-Kashef y los alrededores de la Panorama en la ciudad de Deraa.<\/p>\n<p>La reportera de SANA inform\u00f3 que terroristas afiliados al Frente de al-Nusra dispararon varios proyectiles cohete sobre el barrio al-Kashef y la periferia de la Panorama en la ciudad de Deraa causando dos m\u00e1rtires y 5 heridos de variada consideraci\u00f3n.<\/p>\n<p>La periodista explic\u00f3 que los atentados terroristas provocaron tambi\u00e9n da\u00f1os materiales en propiedades p\u00fablicas y privadas.<\/p>\n<p>De igual forma las organizaciones terroristas emplazadas en el campo oriental de Deraa atacaron con proyectiles de mortero el poblado de Harran en el campo occidental de Suwaida.<\/p>\n<p>El reportero de SANA dijo que 3 proyectiles de mortero de 120 mm\u00a0 cayeron en el poblado de Harran causando grandes da\u00f1os materiales en dos viviendas pero sin producirse v\u00edctimas entre los civiles.<\/p>\n<p><span style=\"color: #0000ff;\">Riad Sh.\/ Dr. A. Shaban<\/span><\/p>\n","protected":false},"excerpt":{"rendered":"<p>Deraa y Suwaida, SANA Un hombre y un ni\u00f1o murieron y otros 5 resultaron heridos cuando las organizaciones terroristas agredieron con proyectiles cohete el barrio al-Kashef y los alrededores de la Panorama en la ciudad de Deraa. La reportera de SANA inform\u00f3 que terroristas afiliados al Frente de al-Nusra dispararon varios proyectiles cohete sobre el &hellip;<\/p>\n","protected":false},"author":1,"featured_media":84375,"comment_status":"closed","ping_status":"closed","sticky":false,"template":"","format":"standard","meta":{"footnotes":""},"categories":[597,573,476,583],"tags":[12149],"class_list":["post-84374","post","type-post","status-publish","format-standard","has-post-thumbnail","","category-cinta-de-noticias","category-la-realidad-de-los-acontecimientos-en-siria","category-locales","category-slide","tag-dos-martires-y-cinco-heridos-en-atentados-terroristas-con-proyectiles-contra-la-ciudad-de-deraa"],"_links":{"self":[{"href":"https:\/\/archive.sana.sy\/es\/index.php?rest_route=\/wp\/v2\/posts\/84374"}],"collection":[{"href":"https:\/\/archive.sana.sy\/es\/index.php?rest_route=\/wp\/v2\/posts"}],"about":[{"href":"https:\/\/archive.sana.sy\/es\/index.php?rest_route=\/wp\/v2\/types\/post"}],"author":[{"embeddable":true,"href":"https:\/\/archive.sana.sy\/es\/index.php?rest_route=\/wp\/v2\/users\/1"}],"replies":[{"embeddable":true,"href":"https:\/\/archive.sana.sy\/es\/index.php?rest_route=%2Fwp%2Fv2%2Fcomments&post=84374"}],"version-history":[{"count":0,"href":"https:\/\/archive.sana.sy\/es\/index.php?rest_route=\/wp\/v2\/posts\/84374\/revisions"}],"wp:featuredmedia":[{"embeddable":true,"href":"https:\/\/archive.sana.sy\/es\/index.php?rest_route=\/wp\/v2\/media\/84375"}],"wp:attachment":[{"href":"https:\/\/archive.sana.sy\/es\/index.php?rest_route=%2Fwp%2Fv2%2Fmedia&parent=84374"}],"wp:term":[{"taxonomy":"category","embeddable":true,"href":"https:\/\/archive.sana.sy\/es\/index.php?rest_route=%2Fwp%2Fv2%2Fcategories&post=84374"},{"taxonomy":"post_tag","embeddable":true,"href":"https:\/\/archive.sana.sy\/es\/index.php?rest_route=%2Fwp%2Fv2%2Ftags&post=84374"}],"curies":[{"name":"wp","href":"https:\/\/api.w.org\/{rel}","templated":true}]}}