{"id":84382,"date":"2018-06-24T12:05:32","date_gmt":"2018-06-24T09:05:32","guid":{"rendered":"https:\/\/www.sana.sy\/es\/?p=84382"},"modified":"2018-06-24T12:06:22","modified_gmt":"2018-06-24T09:06:22","slug":"un-palestino-cae-martir-a-balazos-de-la-ocupacion-israeli-en-la-franja-de-gaza","status":"publish","type":"post","link":"https:\/\/archive.sana.sy\/es\/?p=84382","title":{"rendered":"Un palestino cae m\u00e1rtir a balazos de la ocupaci\u00f3n israel\u00ed en la Franja de Gaza"},"content":{"rendered":"<p><span style=\"color: #800000;\">Gaza, SANA<\/span><\/p>\n<p>Un joven palestino cay\u00f3 como m\u00e1rtir en la ma\u00f1ana de hoy resultas de las heridas causadas por balazos de las tropas de ocupaci\u00f3n israel\u00edes durante las Marchas del Retorno en Jan Younis al sur de la Franja de Gaza.<\/p>\n<p>La agencia de noticias palestina Ma&#8217;an citando a fuentes palestinas dijo que &#8220;el joven Usama Jalil Abu Khater (29 a\u00f1os) muri\u00f3 como efecto de una herida en el vientre causada por balazos de las fuerzas de ocupaci\u00f3n&#8221;.<\/p>\n<p>Con esto el n\u00famero de m\u00e1rtires asciende a 132 desde el d\u00eda 30 de marzo \u00faltimo en la Franja de Gaza, mientras que el n\u00famero de heridos supera ya los 14800.<\/p>\n<p>Entre tanto las tropas de ocupaci\u00f3n desataron una campa\u00f1a de allanamiento en varias ciudades en la Ribera Occidental donde arrestaron a seis palestinos.<\/p>\n<p>La campa\u00f1a de irrupciones y detenciones abarc\u00f3 las ciudades de Tulkarem, Qalquiliya, Ramallah y Bel\u00e9n.<\/p>\n<p><span style=\"color: #0000ff;\">Riad Sh.\/ Dr. A. Shaban<\/span><\/p>\n","protected":false},"excerpt":{"rendered":"<p>Gaza, SANA Un joven palestino cay\u00f3 como m\u00e1rtir en la ma\u00f1ana de hoy resultas de las heridas causadas por balazos de las tropas de ocupaci\u00f3n israel\u00edes durante las Marchas del Retorno en Jan Younis al sur de la Franja de Gaza. La agencia de noticias palestina Ma&#8217;an citando a fuentes palestinas dijo que &#8220;el joven &hellip;<\/p>\n","protected":false},"author":1,"featured_media":84383,"comment_status":"closed","ping_status":"closed","sticky":false,"template":"","format":"standard","meta":{"footnotes":""},"categories":[597,456,476,7541],"tags":[12151],"class_list":["post-84382","post","type-post","status-publish","format-standard","has-post-thumbnail","","category-cinta-de-noticias","category-arabe-internacional-politica","category-locales","category-ultimas-noticias","tag-un-palestino-cae-martir-a-balazos-de-la-ocupacion-israeli-en-la-franja-de-gaza"],"_links":{"self":[{"href":"https:\/\/archive.sana.sy\/es\/index.php?rest_route=\/wp\/v2\/posts\/84382"}],"collection":[{"href":"https:\/\/archive.sana.sy\/es\/index.php?rest_route=\/wp\/v2\/posts"}],"about":[{"href":"https:\/\/archive.sana.sy\/es\/index.php?rest_route=\/wp\/v2\/types\/post"}],"author":[{"embeddable":true,"href":"https:\/\/archive.sana.sy\/es\/index.php?rest_route=\/wp\/v2\/users\/1"}],"replies":[{"embeddable":true,"href":"https:\/\/archive.sana.sy\/es\/index.php?rest_route=%2Fwp%2Fv2%2Fcomments&post=84382"}],"version-history":[{"count":0,"href":"https:\/\/archive.sana.sy\/es\/index.php?rest_route=\/wp\/v2\/posts\/84382\/revisions"}],"wp:featuredmedia":[{"embeddable":true,"href":"https:\/\/archive.sana.sy\/es\/index.php?rest_route=\/wp\/v2\/media\/84383"}],"wp:attachment":[{"href":"https:\/\/archive.sana.sy\/es\/index.php?rest_route=%2Fwp%2Fv2%2Fmedia&parent=84382"}],"wp:term":[{"taxonomy":"category","embeddable":true,"href":"https:\/\/archive.sana.sy\/es\/index.php?rest_route=%2Fwp%2Fv2%2Fcategories&post=84382"},{"taxonomy":"post_tag","embeddable":true,"href":"https:\/\/archive.sana.sy\/es\/index.php?rest_route=%2Fwp%2Fv2%2Ftags&post=84382"}],"curies":[{"name":"wp","href":"https:\/\/api.w.org\/{rel}","templated":true}]}}