{"id":84391,"date":"2018-06-24T12:36:05","date_gmt":"2018-06-24T09:36:05","guid":{"rendered":"https:\/\/www.sana.sy\/es\/?p=84391"},"modified":"2018-06-25T18:15:32","modified_gmt":"2018-06-25T15:15:32","slug":"el-presidente-al-assad-fija-el-dia-16-de-septiembre-proximo-como-fecha-para-las-elecciones-municipales","status":"publish","type":"post","link":"https:\/\/archive.sana.sy\/es\/?p=84391","title":{"rendered":"El presidente al-Assad fija el d\u00eda 16 de septiembre pr\u00f3ximo como fecha para las elecciones municipales"},"content":{"rendered":"<p><span style=\"color: #800000\">Damasco, SANA<\/span><\/p>\n<p>El presidente Bashar al-Assad ha emitido el decreto N\u00ba 214 para el a\u00f1o 2018 que fija el d\u00eda diecis\u00e9is de septiembre pr\u00f3ximo como fecha para la realizaci\u00f3n de las elecciones de los concejos municipales.<\/p>\n<p><span style=\"color: #0000ff\">Riad Shaban\/ Dr. A. Shaban\u00a0<\/span><\/p>\n","protected":false},"excerpt":{"rendered":"<p>Damasco, SANA El presidente Bashar al-Assad ha emitido el decreto N\u00ba 214 para el a\u00f1o 2018 que fija el d\u00eda diecis\u00e9is de septiembre pr\u00f3ximo como fecha para la realizaci\u00f3n de las elecciones de los concejos municipales. Riad Shaban\/ Dr. A. Shaban\u00a0<\/p>\n","protected":false},"author":1,"featured_media":84392,"comment_status":"closed","ping_status":"closed","sticky":false,"template":"","format":"standard","meta":{"footnotes":""},"categories":[597,617,476],"tags":[12154],"class_list":["post-84391","post","type-post","status-publish","format-standard","has-post-thumbnail","","category-cinta-de-noticias","category-decretos-y-leyes","category-locales","tag-el-presidente-al-assad-fija-el-dia-16-de-septiembre-proximo-como-fecha-para-las-elecciones-municipales"],"_links":{"self":[{"href":"https:\/\/archive.sana.sy\/es\/index.php?rest_route=\/wp\/v2\/posts\/84391"}],"collection":[{"href":"https:\/\/archive.sana.sy\/es\/index.php?rest_route=\/wp\/v2\/posts"}],"about":[{"href":"https:\/\/archive.sana.sy\/es\/index.php?rest_route=\/wp\/v2\/types\/post"}],"author":[{"embeddable":true,"href":"https:\/\/archive.sana.sy\/es\/index.php?rest_route=\/wp\/v2\/users\/1"}],"replies":[{"embeddable":true,"href":"https:\/\/archive.sana.sy\/es\/index.php?rest_route=%2Fwp%2Fv2%2Fcomments&post=84391"}],"version-history":[{"count":0,"href":"https:\/\/archive.sana.sy\/es\/index.php?rest_route=\/wp\/v2\/posts\/84391\/revisions"}],"wp:featuredmedia":[{"embeddable":true,"href":"https:\/\/archive.sana.sy\/es\/index.php?rest_route=\/wp\/v2\/media\/84392"}],"wp:attachment":[{"href":"https:\/\/archive.sana.sy\/es\/index.php?rest_route=%2Fwp%2Fv2%2Fmedia&parent=84391"}],"wp:term":[{"taxonomy":"category","embeddable":true,"href":"https:\/\/archive.sana.sy\/es\/index.php?rest_route=%2Fwp%2Fv2%2Fcategories&post=84391"},{"taxonomy":"post_tag","embeddable":true,"href":"https:\/\/archive.sana.sy\/es\/index.php?rest_route=%2Fwp%2Fv2%2Ftags&post=84391"}],"curies":[{"name":"wp","href":"https:\/\/api.w.org\/{rel}","templated":true}]}}