{"id":84411,"date":"2018-06-24T17:46:40","date_gmt":"2018-06-24T14:46:40","guid":{"rendered":"https:\/\/www.sana.sy\/es\/?p=84411"},"modified":"2018-06-24T17:46:40","modified_gmt":"2018-06-24T14:46:40","slug":"ataques-terroristas-contra-sweida-se-cobran-la-vida-de-una-nina","status":"publish","type":"post","link":"https:\/\/archive.sana.sy\/es\/?p=84411","title":{"rendered":"Ataques terroristas contra Sweida se cobran la vida de una ni\u00f1a"},"content":{"rendered":"<p>Sweida-SANA<\/p>\n<p>Los grupos terroristas que operan en el campo oriental de la provincia sure\u00f1a de Deraa contin\u00faan atacando con granadas propulsadas por cohetes contra la cabecera provincial de Sweida y los poblados m\u00e1s cercanos a la l\u00ednea lim\u00edtrofe con la vecina provincia de DEraa, como es el caso del poblado de al-Dur, campo oeste de Sweida, donde una ni\u00f1a perdi\u00f3 la vida a consecuencia de las graves heridas sufridas al impactar una granada en medio de su casa familiar. La menor fue trasladada en un estado cr\u00edtico al Hospital Nacional de Sweida, donde fue intervenida quir\u00fargicamente, pero no se pudo salvar su vida.<\/p>\n<p>Asimismo, en la tarde de hoy domingo, los terroristas lanzaron granadas propulsadas por cohetes contra barrios residenciales en la cabecera provincial hom\u00f3nima de Sweida, lo que provoc\u00f3 heridas a tres personas, entre ellas una mujer, adem\u00e1s de dejar da\u00f1os materiales en las casas, propiedades y tiendas comerciales.<\/p>\n<p>Y.K.<\/p>\n","protected":false},"excerpt":{"rendered":"<p>Sweida-SANA Los grupos terroristas que operan en el campo oriental de la provincia sure\u00f1a de Deraa contin\u00faan atacando con granadas propulsadas por cohetes contra la cabecera provincial de Sweida y los poblados m\u00e1s cercanos a la l\u00ednea lim\u00edtrofe con la vecina provincia de DEraa, como es el caso del poblado de al-Dur, campo oeste de &hellip;<\/p>\n","protected":false},"author":1,"featured_media":84412,"comment_status":"closed","ping_status":"closed","sticky":false,"template":"","format":"standard","meta":{"footnotes":""},"categories":[597,573,7541],"tags":[],"class_list":["post-84411","post","type-post","status-publish","format-standard","has-post-thumbnail","","category-cinta-de-noticias","category-la-realidad-de-los-acontecimientos-en-siria","category-ultimas-noticias"],"_links":{"self":[{"href":"https:\/\/archive.sana.sy\/es\/index.php?rest_route=\/wp\/v2\/posts\/84411"}],"collection":[{"href":"https:\/\/archive.sana.sy\/es\/index.php?rest_route=\/wp\/v2\/posts"}],"about":[{"href":"https:\/\/archive.sana.sy\/es\/index.php?rest_route=\/wp\/v2\/types\/post"}],"author":[{"embeddable":true,"href":"https:\/\/archive.sana.sy\/es\/index.php?rest_route=\/wp\/v2\/users\/1"}],"replies":[{"embeddable":true,"href":"https:\/\/archive.sana.sy\/es\/index.php?rest_route=%2Fwp%2Fv2%2Fcomments&post=84411"}],"version-history":[{"count":0,"href":"https:\/\/archive.sana.sy\/es\/index.php?rest_route=\/wp\/v2\/posts\/84411\/revisions"}],"wp:featuredmedia":[{"embeddable":true,"href":"https:\/\/archive.sana.sy\/es\/index.php?rest_route=\/wp\/v2\/media\/84412"}],"wp:attachment":[{"href":"https:\/\/archive.sana.sy\/es\/index.php?rest_route=%2Fwp%2Fv2%2Fmedia&parent=84411"}],"wp:term":[{"taxonomy":"category","embeddable":true,"href":"https:\/\/archive.sana.sy\/es\/index.php?rest_route=%2Fwp%2Fv2%2Fcategories&post=84411"},{"taxonomy":"post_tag","embeddable":true,"href":"https:\/\/archive.sana.sy\/es\/index.php?rest_route=%2Fwp%2Fv2%2Ftags&post=84411"}],"curies":[{"name":"wp","href":"https:\/\/api.w.org\/{rel}","templated":true}]}}