{"id":8450,"date":"2014-09-06T16:22:00","date_gmt":"2014-09-06T13:22:00","guid":{"rendered":"http:\/\/www.sana.sy\/es\/?p=8450"},"modified":"2014-09-06T16:26:48","modified_gmt":"2014-09-06T13:26:48","slug":"mekdad-la-lucha-contra-el-terrorismo-es-un-deber-de-todos-los-paises-del-mundo","status":"publish","type":"post","link":"https:\/\/archive.sana.sy\/es\/?p=8450","title":{"rendered":"Mekdad: la lucha contra el terrorismo es un deber de todos los pa\u00edses del mundo"},"content":{"rendered":"<p>Beirut, SANA<\/p>\n<p>El viceministro de Exteriores y Emigrantes, Faisal al-Mekdad, afirm\u00f3 que la lucha de la comunidad internacional contra el terrorismo &#8220;es un todo integral&#8221;, y es un deber de todas las naciones del mundo y ning\u00fan pa\u00eds debe tener excusas para no hacerlo.<\/p>\n<p>En un art\u00edculo publicado este s\u00e1bado en el diario liban\u00e9s &#8220;al-Binaa&#8221;, al-Mekdad precis\u00f3 que &#8220;la lucha contra el terrorismo es un deber, especialmente para aquellos pa\u00edses capaces de enfrentar el terrorismo y los terroristas&#8221;, indicando que la lucha antiterrorista debe realizarse en el marco del respeto a la soberan\u00eda, la independencia y la integridad de los pa\u00edses&#8221;.<\/p>\n<p>Asimismo, agreg\u00f3 que &#8220;Siria sufre de un terrorismo financiado y apoyado por algunos Estados del Golfo, Turqu\u00eda, Israel y algunos pa\u00edses occidentales&#8221;, llamando a la comunidad internacional a dejar de mirar al tema del terrorismo con doble moral para evitar que esta lacra llegue a las calles y las ciudades de los pa\u00edses occidentales en los meses venideros.<\/p>\n<p>El alto diplom\u00e1tico sirio resalt\u00f3 que Siria va a estar en el centro de cualquier coalici\u00f3n internacional para combatir el terrorismo, y cualquier parte que quiera luchar contra el terrorismo, no le queda m\u00e1s remedio que cooperar con el gobierno sirio para enfrentar este peligro.<\/p>\n<p>Al final de su art\u00edculo, el vicecanciller sirio reiter\u00f3 que Siria cooperar\u00e1 para eliminar el terrorismo nacional e internacional, con todos los pa\u00edses honestos y serios en la lucha contra el terrorismo, en el marco de la legitimidad internacional, el derecho internacional y la Carta de las Naciones Unidas.<\/p>\n<p>&nbsp;<br \/>\nFady M., Lynn A.<\/p>\n","protected":false},"excerpt":{"rendered":"<p>Beirut, SANA El viceministro de Exteriores y Emigrantes, Faisal al-Mekdad, afirm\u00f3 que la lucha de la comunidad internacional contra el terrorismo &#8220;es un todo integral&#8221;, y es un deber de todas las naciones del mundo y ning\u00fan pa\u00eds debe tener excusas para no hacerlo. En un art\u00edculo publicado este s\u00e1bado en el diario liban\u00e9s &#8220;al-Binaa&#8221;, &hellip;<\/p>\n","protected":false},"author":24,"featured_media":8132,"comment_status":"closed","ping_status":"closed","sticky":false,"template":"","format":"standard","meta":{"footnotes":""},"categories":[555,597,576],"tags":[1919],"class_list":["post-8450","post","type-post","status-publish","format-standard","has-post-thumbnail","","category-prensa","category-cinta-de-noticias","category-noticias-politicas","tag-mekdad-la-lucha-contra-el-terrorismo-es-un-deber-de-todos-los-paises-del-mundo"],"_links":{"self":[{"href":"https:\/\/archive.sana.sy\/es\/index.php?rest_route=\/wp\/v2\/posts\/8450"}],"collection":[{"href":"https:\/\/archive.sana.sy\/es\/index.php?rest_route=\/wp\/v2\/posts"}],"about":[{"href":"https:\/\/archive.sana.sy\/es\/index.php?rest_route=\/wp\/v2\/types\/post"}],"author":[{"embeddable":true,"href":"https:\/\/archive.sana.sy\/es\/index.php?rest_route=\/wp\/v2\/users\/24"}],"replies":[{"embeddable":true,"href":"https:\/\/archive.sana.sy\/es\/index.php?rest_route=%2Fwp%2Fv2%2Fcomments&post=8450"}],"version-history":[{"count":0,"href":"https:\/\/archive.sana.sy\/es\/index.php?rest_route=\/wp\/v2\/posts\/8450\/revisions"}],"wp:featuredmedia":[{"embeddable":true,"href":"https:\/\/archive.sana.sy\/es\/index.php?rest_route=\/wp\/v2\/media\/8132"}],"wp:attachment":[{"href":"https:\/\/archive.sana.sy\/es\/index.php?rest_route=%2Fwp%2Fv2%2Fmedia&parent=8450"}],"wp:term":[{"taxonomy":"category","embeddable":true,"href":"https:\/\/archive.sana.sy\/es\/index.php?rest_route=%2Fwp%2Fv2%2Fcategories&post=8450"},{"taxonomy":"post_tag","embeddable":true,"href":"https:\/\/archive.sana.sy\/es\/index.php?rest_route=%2Fwp%2Fv2%2Ftags&post=8450"}],"curies":[{"name":"wp","href":"https:\/\/api.w.org\/{rel}","templated":true}]}}