{"id":84539,"date":"2018-06-27T08:33:16","date_gmt":"2018-06-27T05:33:16","guid":{"rendered":"https:\/\/www.sana.sy\/es\/?p=84539"},"modified":"2018-06-27T08:33:16","modified_gmt":"2018-06-27T05:33:16","slug":"jaafari-el-creciente-peligro-del-terrorismo-requiere-respuesta-colectiva-y-seria-alejada-de-cualquier-motivo-politico","status":"publish","type":"post","link":"https:\/\/archive.sana.sy\/es\/?p=84539","title":{"rendered":"Jaafari: el creciente peligro del terrorismo requiere respuesta colectiva y seria alejada de cualquier motivo pol\u00edtico"},"content":{"rendered":"<p><span style=\"color: #800000;\">Nueva York, SANA<\/span><\/p>\n<p>El representante permanente de Siria ante la ONU, Bashar Jaafari, dijo que Siria es el pa\u00eds que m\u00e1s le preocupa el peligro del terrorismo, indicando que el pueblo sirio ha sufrido de todas las nuevas formas de terrorismo transfronterizo.<\/p>\n<p>En su intervenci\u00f3n durante una sesi\u00f3n de la Asamblea General de la ONU sobre \u201cla estrategia integral de la ONU para combatir el terrorismo&#8221;, Jaafari dijo: \u201cSi hubiesen hecho caso a nuestras llamados y nuestras quejas durante los \u00faltimos siete a\u00f1os, sobre la implicaci\u00f3n de determinados i\u00f3n de algunos gobiernos y aparatos de inteligencia en el flujo de miles de terroristas extranjeros procedentes de m\u00e1s de 100 pa\u00edses hacia Siria e Irak, hubi\u00e9ramos eliminado este fen\u00f3meno ya&#8221;.<\/p>\n<p>A\u00f1adi\u00f3 que \u201chay gobiernos que llaman a los terroristas extranjeros que asesinan a los Siria como &#8220;opositores moderados&#8221; o &#8220;yihadistas&#8221;, pero estos mismos son rebautizados como \u201cterroristas\u201d cuando regresaron a sus pa\u00edses\u201d.<\/p>\n<p>El delegado siro explic\u00f3 que &#8220;la crisis en la lucha contra el terrorismo no tiene nada que ver con textos o herramientas legales necesarias para la lucha antiterrorista sino que est\u00e1 relacionada con la falta de voluntad pol\u00edtica de algunos gobiernos\u201d.<\/p>\n<p>En cuanto a la &#8220;prevenci\u00f3n del extremismo violento&#8221;, Jaafari afirm\u00f3 que Siria reitera su firme postura con respecto a este concepto, y agreg\u00f3 que \u201cSiria a\u00fan ve que es imposible trazar l\u00edneas claras entre el extremismo por motivos religiosos o pol\u00edticos y el violento extremismo que lleva al terrorismo.\u201d<\/p>\n<p>Reiter\u00f3 que Siria cree en la necesidad de desarrollar el patr\u00f3n tradicional en la revisi\u00f3n de la estrategia integral de la lucha contra el terrorismo cada dos a\u00f1os, ya que el creciente peligro del terrorismo y la aparici\u00f3n de nuevas formas de este flageo requieren una respuesta colectiva y seria alejada de cualquier motivo pol\u00edtico.<\/p>\n<p><span style=\"color: #0000ff;\">F. Marouf\/ Dr. A. Shaban<\/span><\/p>\n","protected":false},"excerpt":{"rendered":"<p>Nueva York, SANA El representante permanente de Siria ante la ONU, Bashar Jaafari, dijo que Siria es el pa\u00eds que m\u00e1s le preocupa el peligro del terrorismo, indicando que el pueblo sirio ha sufrido de todas las nuevas formas de terrorismo transfronterizo. En su intervenci\u00f3n durante una sesi\u00f3n de la Asamblea General de la ONU &hellip;<\/p>\n","protected":false},"author":1,"featured_media":84540,"comment_status":"closed","ping_status":"closed","sticky":false,"template":"","format":"standard","meta":{"footnotes":""},"categories":[597,467,583],"tags":[12171],"class_list":["post-84539","post","type-post","status-publish","format-standard","has-post-thumbnail","","category-cinta-de-noticias","category-siria-y-el-mundo","category-slide","tag-jaafari-el-creciente-peligro-del-terrorismo-requiere-respuesta-colectiva-y-seria-alejada-de-cualquier-motivo-politico"],"_links":{"self":[{"href":"https:\/\/archive.sana.sy\/es\/index.php?rest_route=\/wp\/v2\/posts\/84539"}],"collection":[{"href":"https:\/\/archive.sana.sy\/es\/index.php?rest_route=\/wp\/v2\/posts"}],"about":[{"href":"https:\/\/archive.sana.sy\/es\/index.php?rest_route=\/wp\/v2\/types\/post"}],"author":[{"embeddable":true,"href":"https:\/\/archive.sana.sy\/es\/index.php?rest_route=\/wp\/v2\/users\/1"}],"replies":[{"embeddable":true,"href":"https:\/\/archive.sana.sy\/es\/index.php?rest_route=%2Fwp%2Fv2%2Fcomments&post=84539"}],"version-history":[{"count":0,"href":"https:\/\/archive.sana.sy\/es\/index.php?rest_route=\/wp\/v2\/posts\/84539\/revisions"}],"wp:featuredmedia":[{"embeddable":true,"href":"https:\/\/archive.sana.sy\/es\/index.php?rest_route=\/wp\/v2\/media\/84540"}],"wp:attachment":[{"href":"https:\/\/archive.sana.sy\/es\/index.php?rest_route=%2Fwp%2Fv2%2Fmedia&parent=84539"}],"wp:term":[{"taxonomy":"category","embeddable":true,"href":"https:\/\/archive.sana.sy\/es\/index.php?rest_route=%2Fwp%2Fv2%2Fcategories&post=84539"},{"taxonomy":"post_tag","embeddable":true,"href":"https:\/\/archive.sana.sy\/es\/index.php?rest_route=%2Fwp%2Fv2%2Ftags&post=84539"}],"curies":[{"name":"wp","href":"https:\/\/api.w.org\/{rel}","templated":true}]}}