{"id":84551,"date":"2018-06-27T08:05:51","date_gmt":"2018-06-27T05:05:51","guid":{"rendered":"https:\/\/www.sana.sy\/es\/?p=84551"},"modified":"2018-06-27T09:08:27","modified_gmt":"2018-06-27T06:08:27","slug":"larijani-la-victoria-de-siria-sobre-el-terrorismo-es-victoria-para-todos-los-libres-en-el-mundo","status":"publish","type":"post","link":"https:\/\/archive.sana.sy\/es\/?p=84551","title":{"rendered":"Larijani: la victoria de Siria sobre el terrorismo es victoria para todos los libres en el mundo"},"content":{"rendered":"<p><span style=\"color: #800000;\">Teher\u00e1n, SANA<\/span><\/p>\n<p>El presidente del Consejo de la Shura iran\u00ed, Ali Larijani, y el viceministro de Exteriores y Expatriados, Faisal Mekdad, afirmaron la importancia de continuar la coordinaci\u00f3n y cooperaci\u00f3n entre las dos partes, que dieron resultados positivos en la derrota del terrorismo y la victoria sobre este flageo en muchas zonas en Siria.<\/p>\n<p>Las dos partes subrayaron durante su reuni\u00f3n en Teher\u00e1n, la importancia de la cooperaci\u00f3n parlamentaria sobre temas de inter\u00e9s mutuo para ambos pa\u00edses y en los foros internacionales.<\/p>\n<p>Larijani reiter\u00f3 la posici\u00f3n firme e incambiable de Ir\u00e1n de apoyar a Siria en los diferentes campos.<\/p>\n<p>Asegur\u00f3 que &#8220;la victoria sobre el terrorismo en Siria es una victoria para todas las personas libres en el mundo\u201d.<\/p>\n<p>A su vez, Mekdad dijo que el gobierno sirio se esfuerza para llegar a reconciliaciones y materializar un di\u00e1logo entre los propios sirios sin ning\u00fan tipo de presi\u00f3n externa, indicando que esto va en paralelo con las operaciones antiterroristas del ej\u00e9rcito hasta la erradicaci\u00f3n del terrorismo y el restablecimiento de la seguridad y la estabilidad en todo el territorio sirio.<\/p>\n<p>Destac\u00f3 el apoyo de Ir\u00e1n y de los aliados y amigos a Siria en la lucha contra el terrorismo y en hacer frente a los retos.<\/p>\n<p>El vicecanciller sirio afirm\u00f3 que la dimensi\u00f3n econ\u00f3mica de las relaciones entre los dos lados tiene un papel importante y significativo en consolidar la firmeza del pueblo sirio ante el terrorismo y las presiones externas.<\/p>\n<p><span style=\"color: #0000ff;\">F. Marouf\/ Dr. A. Shaban<\/span><\/p>\n","protected":false},"excerpt":{"rendered":"<p>Teher\u00e1n, SANA El presidente del Consejo de la Shura iran\u00ed, Ali Larijani, y el viceministro de Exteriores y Expatriados, Faisal Mekdad, afirmaron la importancia de continuar la coordinaci\u00f3n y cooperaci\u00f3n entre las dos partes, que dieron resultados positivos en la derrota del terrorismo y la victoria sobre este flageo en muchas zonas en Siria. Las &hellip;<\/p>\n","protected":false},"author":1,"featured_media":84552,"comment_status":"closed","ping_status":"closed","sticky":false,"template":"","format":"standard","meta":{"footnotes":""},"categories":[597,467,7541],"tags":[12175],"class_list":["post-84551","post","type-post","status-publish","format-standard","has-post-thumbnail","","category-cinta-de-noticias","category-siria-y-el-mundo","category-ultimas-noticias","tag-larijani-la-victoria-de-siria-sobre-el-terrorismo-es-victoria-para-todos-los-libres-en-el-mundo"],"_links":{"self":[{"href":"https:\/\/archive.sana.sy\/es\/index.php?rest_route=\/wp\/v2\/posts\/84551"}],"collection":[{"href":"https:\/\/archive.sana.sy\/es\/index.php?rest_route=\/wp\/v2\/posts"}],"about":[{"href":"https:\/\/archive.sana.sy\/es\/index.php?rest_route=\/wp\/v2\/types\/post"}],"author":[{"embeddable":true,"href":"https:\/\/archive.sana.sy\/es\/index.php?rest_route=\/wp\/v2\/users\/1"}],"replies":[{"embeddable":true,"href":"https:\/\/archive.sana.sy\/es\/index.php?rest_route=%2Fwp%2Fv2%2Fcomments&post=84551"}],"version-history":[{"count":0,"href":"https:\/\/archive.sana.sy\/es\/index.php?rest_route=\/wp\/v2\/posts\/84551\/revisions"}],"wp:featuredmedia":[{"embeddable":true,"href":"https:\/\/archive.sana.sy\/es\/index.php?rest_route=\/wp\/v2\/media\/84552"}],"wp:attachment":[{"href":"https:\/\/archive.sana.sy\/es\/index.php?rest_route=%2Fwp%2Fv2%2Fmedia&parent=84551"}],"wp:term":[{"taxonomy":"category","embeddable":true,"href":"https:\/\/archive.sana.sy\/es\/index.php?rest_route=%2Fwp%2Fv2%2Fcategories&post=84551"},{"taxonomy":"post_tag","embeddable":true,"href":"https:\/\/archive.sana.sy\/es\/index.php?rest_route=%2Fwp%2Fv2%2Ftags&post=84551"}],"curies":[{"name":"wp","href":"https:\/\/api.w.org\/{rel}","templated":true}]}}