{"id":84578,"date":"2018-06-27T19:19:22","date_gmt":"2018-06-27T16:19:22","guid":{"rendered":"https:\/\/www.sana.sy\/es\/?p=84578"},"modified":"2023-01-10T15:16:31","modified_gmt":"2023-01-10T13:16:31","slug":"primer-ministro-aborda-con-empresarios-sirios-residentes-en-egipto-vias-de-reactivar-sus-inversiones-en-siria","status":"publish","type":"post","link":"https:\/\/archive.sana.sy\/es\/?p=84578","title":{"rendered":"Primer Ministro aborda con empresarios sirios residentes en Egipto v\u00edas de reactivar sus inversiones en Siria"},"content":{"rendered":"<p>Damasco, SANA<\/p>\n<p>El primer ministro, Imad Khamis, abord\u00f3 este mi\u00e9rcoles con una delegaci\u00f3n de empresarios sirios residentes en Egipto las v\u00edas de reactivar sus inversiones y reponer en marcha a sus instalaciones y f\u00e1bricas en Siria.<\/p>\n<p>En la reuni\u00f3n fueron tomadas varias decisiones que aportan beneficio a la inversi\u00f3n y la industria sirias, entre las cuales la creaci\u00f3n de una feria permanente para la mercanc\u00eda siria en el recinto ferial, y el apoyo a las ferias exteriores lo que contribuye a ampliar el mercado de exportaciones y facilitar la importaci\u00f3n de la materia prima necesaria para la industria.<\/p>\n<p>Entre lo que fue acordado tambi\u00e9n en la reuni\u00f3n es el otorgamiento de facilidades a los industriales en quiebra para ayudarlos a reponer en funcionamiento a sus f\u00e1bricas, as\u00ed como reactivar el bur\u00f3 econ\u00f3mico de la Embajada siria en el Cairo.<\/p>\n<p>Seg\u00fan lo acordado en el encuentro, los empresarios residentes en Egipto se reunir\u00e1n con el Gobernador de Alepo para plantearle una visi\u00f3n integral sobre la posibilidad de invertir en la zona industrial, lo que contribuye a crear oportunidades de trabajo y transmitir experiencias en el \u00e1mbito de producci\u00f3n.<\/p>\n<p>El jefe del gabinete ratific\u00f3 los esfuerzos destinados a promover a los empresarios para realizar inversiones en Siria, especialmente durante el periodo de la reconstrucci\u00f3n, as\u00ed como reiter\u00f3 la determinaci\u00f3n del gobierno a cooperar ampliamente con el sector privado y los hombres de negocio que desempe\u00f1an un papel importante en el desarrollo socio-econ\u00f3mico del pa\u00eds.<\/p>\n<p>En el pr\u00f3ximo periodo no habr\u00e1 una zona industrial fuera del funcionamiento en Siria, afirm\u00f3 Khamis, hecho que apoyar\u00e1 los factores del progreso de la industria nacional, rese\u00f1\u00f3.<\/p>\n<p>&nbsp;<\/p>\n<p>Lynn A.<\/p>\n","protected":false},"excerpt":{"rendered":"<p>Damasco, SANA El primer ministro, Imad Khamis, abord\u00f3 este mi\u00e9rcoles con una delegaci\u00f3n de empresarios sirios residentes en Egipto las v\u00edas de reactivar sus inversiones y reponer en marcha a sus instalaciones y f\u00e1bricas en Siria. En la reuni\u00f3n fueron tomadas varias decisiones que aportan beneficio a la inversi\u00f3n y la industria sirias, entre las &hellip;<\/p>\n","protected":false},"author":24,"featured_media":84579,"comment_status":"closed","ping_status":"closed","sticky":false,"template":"","format":"standard","meta":{"footnotes":""},"categories":[485,476,7541],"tags":[],"class_list":["post-84578","post","type-post","status-publish","format-standard","has-post-thumbnail","","category-informes-negocios-y-finanzas","category-locales","category-ultimas-noticias"],"_links":{"self":[{"href":"https:\/\/archive.sana.sy\/es\/index.php?rest_route=\/wp\/v2\/posts\/84578"}],"collection":[{"href":"https:\/\/archive.sana.sy\/es\/index.php?rest_route=\/wp\/v2\/posts"}],"about":[{"href":"https:\/\/archive.sana.sy\/es\/index.php?rest_route=\/wp\/v2\/types\/post"}],"author":[{"embeddable":true,"href":"https:\/\/archive.sana.sy\/es\/index.php?rest_route=\/wp\/v2\/users\/24"}],"replies":[{"embeddable":true,"href":"https:\/\/archive.sana.sy\/es\/index.php?rest_route=%2Fwp%2Fv2%2Fcomments&post=84578"}],"version-history":[{"count":0,"href":"https:\/\/archive.sana.sy\/es\/index.php?rest_route=\/wp\/v2\/posts\/84578\/revisions"}],"wp:featuredmedia":[{"embeddable":true,"href":"https:\/\/archive.sana.sy\/es\/index.php?rest_route=\/wp\/v2\/media\/84579"}],"wp:attachment":[{"href":"https:\/\/archive.sana.sy\/es\/index.php?rest_route=%2Fwp%2Fv2%2Fmedia&parent=84578"}],"wp:term":[{"taxonomy":"category","embeddable":true,"href":"https:\/\/archive.sana.sy\/es\/index.php?rest_route=%2Fwp%2Fv2%2Fcategories&post=84578"},{"taxonomy":"post_tag","embeddable":true,"href":"https:\/\/archive.sana.sy\/es\/index.php?rest_route=%2Fwp%2Fv2%2Ftags&post=84578"}],"curies":[{"name":"wp","href":"https:\/\/api.w.org\/{rel}","templated":true}]}}