{"id":8461,"date":"2014-09-06T15:06:23","date_gmt":"2014-09-06T12:06:23","guid":{"rendered":"http:\/\/www.sana.sy\/es\/?p=8461"},"modified":"2014-09-07T15:19:04","modified_gmt":"2014-09-07T12:19:04","slug":"320-armados-se-entregan-en-la-localidad-de-bassemeh","status":"publish","type":"post","link":"https:\/\/archive.sana.sy\/es\/?p=8461","title":{"rendered":"320 armados se entregan en la localidad de Bassemeh"},"content":{"rendered":"<p>Damasco-campo, SANA<\/p>\n<p>Unos 320 armados de la localidad de Bassemeh en la provincia de Damasco-campo, se entregaron este s\u00e1bado a las autoridades competentes.<\/p>\n<p>Una fuente policial declar\u00f3 que gracias a los oficios de los comit\u00e9s de reconciliaci\u00f3n nacional que operan en dicha localidad, el estatus jur\u00eddico de unos 320 armados fue normalizado despu\u00e9s de haberse comprometido a no volver a cometer actos que puedan socavar la estabilidad del pa\u00eds.<\/p>\n<p>Es de se\u00f1alar que unos 801 armados de varias localidades de Ghouta Oeste se hab\u00edan entregado en el pasado mes de agosto, a las autoridades competentes.<\/p>\n<p>&nbsp;<\/p>\n<p>Lynn A., Fady M.<\/p>\n","protected":false},"excerpt":{"rendered":"<p>Damasco-campo, SANA Unos 320 armados de la localidad de Bassemeh en la provincia de Damasco-campo, se entregaron este s\u00e1bado a las autoridades competentes. Una fuente policial declar\u00f3 que gracias a los oficios de los comit\u00e9s de reconciliaci\u00f3n nacional que operan en dicha localidad, el estatus jur\u00eddico de unos 320 armados fue normalizado despu\u00e9s de haberse &hellip;<\/p>\n","protected":false},"author":24,"featured_media":8462,"comment_status":"closed","ping_status":"closed","sticky":false,"template":"","format":"standard","meta":{"footnotes":""},"categories":[477,573,476],"tags":[1922],"class_list":["post-8461","post","type-post","status-publish","format-standard","has-post-thumbnail","","category-noticias-edulcorantes","category-la-realidad-de-los-acontecimientos-en-siria","category-locales","tag-320-armados-se-entregan-en-la-localidad-de-bassemeh"],"_links":{"self":[{"href":"https:\/\/archive.sana.sy\/es\/index.php?rest_route=\/wp\/v2\/posts\/8461"}],"collection":[{"href":"https:\/\/archive.sana.sy\/es\/index.php?rest_route=\/wp\/v2\/posts"}],"about":[{"href":"https:\/\/archive.sana.sy\/es\/index.php?rest_route=\/wp\/v2\/types\/post"}],"author":[{"embeddable":true,"href":"https:\/\/archive.sana.sy\/es\/index.php?rest_route=\/wp\/v2\/users\/24"}],"replies":[{"embeddable":true,"href":"https:\/\/archive.sana.sy\/es\/index.php?rest_route=%2Fwp%2Fv2%2Fcomments&post=8461"}],"version-history":[{"count":0,"href":"https:\/\/archive.sana.sy\/es\/index.php?rest_route=\/wp\/v2\/posts\/8461\/revisions"}],"wp:featuredmedia":[{"embeddable":true,"href":"https:\/\/archive.sana.sy\/es\/index.php?rest_route=\/wp\/v2\/media\/8462"}],"wp:attachment":[{"href":"https:\/\/archive.sana.sy\/es\/index.php?rest_route=%2Fwp%2Fv2%2Fmedia&parent=8461"}],"wp:term":[{"taxonomy":"category","embeddable":true,"href":"https:\/\/archive.sana.sy\/es\/index.php?rest_route=%2Fwp%2Fv2%2Fcategories&post=8461"},{"taxonomy":"post_tag","embeddable":true,"href":"https:\/\/archive.sana.sy\/es\/index.php?rest_route=%2Fwp%2Fv2%2Ftags&post=8461"}],"curies":[{"name":"wp","href":"https:\/\/api.w.org\/{rel}","templated":true}]}}