{"id":84650,"date":"2018-06-29T14:40:12","date_gmt":"2018-06-29T11:40:12","guid":{"rendered":"https:\/\/www.sana.sy\/es\/?p=84650"},"modified":"2018-06-29T14:40:12","modified_gmt":"2018-06-29T11:40:12","slug":"la-proxima-cumbre-entre-putin-y-trump-discutira-en-detalle-la-situacion-en-siria","status":"publish","type":"post","link":"https:\/\/archive.sana.sy\/es\/?p=84650","title":{"rendered":"La pr\u00f3xima cumbre entre Putin y Trump discutir\u00e1 en detalle la situaci\u00f3n en Siria"},"content":{"rendered":"<p><span style=\"color: #800000\">Mosc\u00fa, SANA<\/span>&#8211; El presidente ruso Vladimir Putin y el estadounidense Donald Trump discutir\u00e1n la situaci\u00f3n en Siria &#8220;en detalle&#8221; durante su reuni\u00f3n en la capital finlandesa, dijo el portavoz del Kremlin, Dmitry Peskov.<\/p>\n<p>El Kremlin anunci\u00f3 el viernes que la pr\u00f3xima cumbre entre los presidentes de Rusia y Estados Unidos se realizar\u00e1 el 16 del pr\u00f3ximo mes en Helsinki.<\/p>\n<p>En cuanto a las relaciones con Estados Unidos, Peskov dijo: &#8220;El presidente Putin ha dicho desde el principio que la Federaci\u00f3n de Rusia est\u00e1 interesada y dispuesta a desarrollar relaciones y caminar en la direcci\u00f3n de normalizar las relaciones con Washington tanto como nuestras contrapartes estadounidenses est\u00e1n dispuestas a hacerlo.<\/p>\n<p>El presidente ruso, Vladimir Putin, dijo el pasado mi\u00e9rcoles que el conflicto pol\u00edtico dentro de Estados Unidos fue la raz\u00f3n principal del deterioro de las relaciones entre Rusia y Estados Unidos.<\/p>\n<p>M\/Miri<\/p>\n","protected":false},"excerpt":{"rendered":"<p>Mosc\u00fa, SANA&#8211; El presidente ruso Vladimir Putin y el estadounidense Donald Trump discutir\u00e1n la situaci\u00f3n en Siria &#8220;en detalle&#8221; durante su reuni\u00f3n en la capital finlandesa, dijo el portavoz del Kremlin, Dmitry Peskov. El Kremlin anunci\u00f3 el viernes que la pr\u00f3xima cumbre entre los presidentes de Rusia y Estados Unidos se realizar\u00e1 el 16 del &hellip;<\/p>\n","protected":false},"author":1,"featured_media":84651,"comment_status":"closed","ping_status":"closed","sticky":false,"template":"","format":"standard","meta":{"footnotes":""},"categories":[597,467,7541],"tags":[],"class_list":["post-84650","post","type-post","status-publish","format-standard","has-post-thumbnail","","category-cinta-de-noticias","category-siria-y-el-mundo","category-ultimas-noticias"],"_links":{"self":[{"href":"https:\/\/archive.sana.sy\/es\/index.php?rest_route=\/wp\/v2\/posts\/84650"}],"collection":[{"href":"https:\/\/archive.sana.sy\/es\/index.php?rest_route=\/wp\/v2\/posts"}],"about":[{"href":"https:\/\/archive.sana.sy\/es\/index.php?rest_route=\/wp\/v2\/types\/post"}],"author":[{"embeddable":true,"href":"https:\/\/archive.sana.sy\/es\/index.php?rest_route=\/wp\/v2\/users\/1"}],"replies":[{"embeddable":true,"href":"https:\/\/archive.sana.sy\/es\/index.php?rest_route=%2Fwp%2Fv2%2Fcomments&post=84650"}],"version-history":[{"count":0,"href":"https:\/\/archive.sana.sy\/es\/index.php?rest_route=\/wp\/v2\/posts\/84650\/revisions"}],"wp:featuredmedia":[{"embeddable":true,"href":"https:\/\/archive.sana.sy\/es\/index.php?rest_route=\/wp\/v2\/media\/84651"}],"wp:attachment":[{"href":"https:\/\/archive.sana.sy\/es\/index.php?rest_route=%2Fwp%2Fv2%2Fmedia&parent=84650"}],"wp:term":[{"taxonomy":"category","embeddable":true,"href":"https:\/\/archive.sana.sy\/es\/index.php?rest_route=%2Fwp%2Fv2%2Fcategories&post=84650"},{"taxonomy":"post_tag","embeddable":true,"href":"https:\/\/archive.sana.sy\/es\/index.php?rest_route=%2Fwp%2Fv2%2Ftags&post=84650"}],"curies":[{"name":"wp","href":"https:\/\/api.w.org\/{rel}","templated":true}]}}