{"id":84877,"date":"2018-07-03T09:06:32","date_gmt":"2018-07-03T06:06:32","guid":{"rendered":"https:\/\/www.sana.sy\/es\/?p=84877"},"modified":"2018-07-03T09:43:56","modified_gmt":"2018-07-03T06:43:56","slug":"siria-e-iran-debaten-cooperacion-en-materia-medica-y-terapeutica","status":"publish","type":"post","link":"https:\/\/archive.sana.sy\/es\/?p=84877","title":{"rendered":"Siria e Ir\u00e1n debaten cooperaci\u00f3n en materia m\u00e9dica y terap\u00e9utica"},"content":{"rendered":"<p><span style=\"color: #800000;\">Teher\u00e1n, SANA<\/span><\/p>\n<p>El ministro de Educaci\u00f3n Superior, Atef Nadaf, se reuni\u00f3 en la capital iran\u00ed Teher\u00e1n con el Viceministro de Salud y Medicina Docente de Ir\u00e1n, Baqer Larijani.<\/p>\n<p>Las conversaciones durante la reuni\u00f3n que cont\u00f3 con la presencia de altos funcionarios del ministerio iran\u00ed y del embajador sirio en Teher\u00e1n, abordaron los marcos de cooperaci\u00f3n conjunta entre Siria e Ir\u00e1n en el campo de la ciencia m\u00e9dica y terap\u00e9utica y la tecnolog\u00eda m\u00e9dica.<\/p>\n<p>Las dos partes subrayaron la importancia de la cooperaci\u00f3n en los campos de sector m\u00e9dico y terap\u00e9utico, y el intercambio de conocimientos y experiencia, adem\u00e1s de consolidar la acci\u00f3n conjunta para suministrar a Siria con cuadros capacitados de varias disciplinas.<\/p>\n<p>El titular sirio destac\u00f3 la relaci\u00f3n estrat\u00e9gica entre los dos pa\u00edses hermanos y la importancia de desarrollarlas a trav\u00e9s del aumento del n\u00famero de becas para estudiantes sirios en las especialidades Maestr\u00eda y Doctorado en la especialidades que necesita Siria y trabajar en la rehabilitaci\u00f3n de hospitales y centros m\u00e9dicos.<\/p>\n<p>Por su parte, el viceministro iran\u00ed reiter\u00f3 la disposici\u00f3n de su pa\u00eds de cooperar para contribuir al desarrollo del sector m\u00e9dico en Siria y la rehabilitaci\u00f3n de los sectores m\u00e9dicos que han sido da\u00f1ados como resultado del terrorismo.<\/p>\n<p><span style=\"color: #0000ff;\">F. Marouf\/ Dr. A. Shaban<\/span><\/p>\n","protected":false},"excerpt":{"rendered":"<p>Teher\u00e1n, SANA El ministro de Educaci\u00f3n Superior, Atef Nadaf, se reuni\u00f3 en la capital iran\u00ed Teher\u00e1n con el Viceministro de Salud y Medicina Docente de Ir\u00e1n, Baqer Larijani. Las conversaciones durante la reuni\u00f3n que cont\u00f3 con la presencia de altos funcionarios del ministerio iran\u00ed y del embajador sirio en Teher\u00e1n, abordaron los marcos de cooperaci\u00f3n &hellip;<\/p>\n","protected":false},"author":1,"featured_media":84878,"comment_status":"closed","ping_status":"closed","sticky":false,"template":"","format":"standard","meta":{"footnotes":""},"categories":[597,467,7541],"tags":[12190],"class_list":["post-84877","post","type-post","status-publish","format-standard","has-post-thumbnail","","category-cinta-de-noticias","category-siria-y-el-mundo","category-ultimas-noticias","tag-siria-e-iran-debaten-cooperacion-en-materia-medica-y-terapeutica"],"_links":{"self":[{"href":"https:\/\/archive.sana.sy\/es\/index.php?rest_route=\/wp\/v2\/posts\/84877"}],"collection":[{"href":"https:\/\/archive.sana.sy\/es\/index.php?rest_route=\/wp\/v2\/posts"}],"about":[{"href":"https:\/\/archive.sana.sy\/es\/index.php?rest_route=\/wp\/v2\/types\/post"}],"author":[{"embeddable":true,"href":"https:\/\/archive.sana.sy\/es\/index.php?rest_route=\/wp\/v2\/users\/1"}],"replies":[{"embeddable":true,"href":"https:\/\/archive.sana.sy\/es\/index.php?rest_route=%2Fwp%2Fv2%2Fcomments&post=84877"}],"version-history":[{"count":0,"href":"https:\/\/archive.sana.sy\/es\/index.php?rest_route=\/wp\/v2\/posts\/84877\/revisions"}],"wp:featuredmedia":[{"embeddable":true,"href":"https:\/\/archive.sana.sy\/es\/index.php?rest_route=\/wp\/v2\/media\/84878"}],"wp:attachment":[{"href":"https:\/\/archive.sana.sy\/es\/index.php?rest_route=%2Fwp%2Fv2%2Fmedia&parent=84877"}],"wp:term":[{"taxonomy":"category","embeddable":true,"href":"https:\/\/archive.sana.sy\/es\/index.php?rest_route=%2Fwp%2Fv2%2Fcategories&post=84877"},{"taxonomy":"post_tag","embeddable":true,"href":"https:\/\/archive.sana.sy\/es\/index.php?rest_route=%2Fwp%2Fv2%2Ftags&post=84877"}],"curies":[{"name":"wp","href":"https:\/\/api.w.org\/{rel}","templated":true}]}}