{"id":84888,"date":"2018-07-03T16:07:02","date_gmt":"2018-07-03T13:07:02","guid":{"rendered":"https:\/\/www.sana.sy\/es\/?p=84888"},"modified":"2018-07-03T16:07:02","modified_gmt":"2018-07-03T13:07:02","slug":"lavrov-discutira-con-su-homologo-jordano-la-crisis-siria","status":"publish","type":"post","link":"https:\/\/archive.sana.sy\/es\/?p=84888","title":{"rendered":"Lavrov discutir\u00e1 con su hom\u00f3logo jordano la crisis siria"},"content":{"rendered":"<p><span style=\"color: #800000\">Mosc\u00fa, SANA<\/span>&#8211; El Ministerio de Asuntos Exteriores de Rusia confirm\u00f3 que la crisis en Siria y la causa palestina principal ocupar\u00e1n los principales temas de discusi\u00f3n de las pr\u00f3ximas conversaciones entre el canciller ruso, Sergei Lavrov, y su par jordano Ayman Safadi.<\/p>\n<p>&#8220;Por nuestra parte est\u00e1n tomando medidas conjuntas con el lado jordano para facilitar el proceso de una soluci\u00f3n pol\u00edtica en Siria, tanto de manera bilateral o por medio del proceso de Astan\u00e1, as\u00ed como en el marco del Centro de vigilancia tripartita de la zona sure\u00f1a de distensi\u00f3n&#8221;, dice el comunicado del ente ruso.<\/p>\n<p>Subrayando el inter\u00e9s com\u00fan de Rusia y Jordania en resolver la crisis en Siria.<\/p>\n<p>Adem\u00e1s, se\u00f1ala el comunicado que en las pr\u00f3ximas conversaciones previstas entre los ministros de Asuntos Exteriores de Rusia y Jordania, &#8220;los ministros abordar\u00e1n en detalle las perspectivas del avance en torno a la soluci\u00f3n en el Oriente Medio, incluida la agravaci\u00f3n de la situaci\u00f3n en los territorios palestinos y vinculado a la acci\u00f3n unilateral de Estados Unidos en Jerusal\u00e9n&#8221;.<\/p>\n<p>Confirm\u00f3 el apoyo de Rusia a la &#8220;soluci\u00f3n de dos estados sobre la base del Derecho internacional generalmente reconocido, que contiene las resoluciones pertinentes del Consejo de Seguridad y la Asamblea General de las Naciones Unidas.<\/p>\n<p>De acuerdo al comunicado, los dos ministros examinar\u00e1n tambi\u00e9n la situaci\u00f3n en Irak en el contexto del apoyo a los esfuerzos del gobierno iraqu\u00ed para restaurar el control total sobre el territorio que fue liberado de la organizaci\u00f3n terrorista de Daesh.<\/p>\n<p>M\/Miri<\/p>\n","protected":false},"excerpt":{"rendered":"<p>Mosc\u00fa, SANA&#8211; El Ministerio de Asuntos Exteriores de Rusia confirm\u00f3 que la crisis en Siria y la causa palestina principal ocupar\u00e1n los principales temas de discusi\u00f3n de las pr\u00f3ximas conversaciones entre el canciller ruso, Sergei Lavrov, y su par jordano Ayman Safadi. &#8220;Por nuestra parte est\u00e1n tomando medidas conjuntas con el lado jordano para facilitar &hellip;<\/p>\n","protected":false},"author":1,"featured_media":84889,"comment_status":"closed","ping_status":"closed","sticky":false,"template":"","format":"standard","meta":{"footnotes":""},"categories":[597,467],"tags":[10491],"class_list":["post-84888","post","type-post","status-publish","format-standard","has-post-thumbnail","","category-cinta-de-noticias","category-siria-y-el-mundo","tag-sergei-lavrov"],"_links":{"self":[{"href":"https:\/\/archive.sana.sy\/es\/index.php?rest_route=\/wp\/v2\/posts\/84888"}],"collection":[{"href":"https:\/\/archive.sana.sy\/es\/index.php?rest_route=\/wp\/v2\/posts"}],"about":[{"href":"https:\/\/archive.sana.sy\/es\/index.php?rest_route=\/wp\/v2\/types\/post"}],"author":[{"embeddable":true,"href":"https:\/\/archive.sana.sy\/es\/index.php?rest_route=\/wp\/v2\/users\/1"}],"replies":[{"embeddable":true,"href":"https:\/\/archive.sana.sy\/es\/index.php?rest_route=%2Fwp%2Fv2%2Fcomments&post=84888"}],"version-history":[{"count":0,"href":"https:\/\/archive.sana.sy\/es\/index.php?rest_route=\/wp\/v2\/posts\/84888\/revisions"}],"wp:featuredmedia":[{"embeddable":true,"href":"https:\/\/archive.sana.sy\/es\/index.php?rest_route=\/wp\/v2\/media\/84889"}],"wp:attachment":[{"href":"https:\/\/archive.sana.sy\/es\/index.php?rest_route=%2Fwp%2Fv2%2Fmedia&parent=84888"}],"wp:term":[{"taxonomy":"category","embeddable":true,"href":"https:\/\/archive.sana.sy\/es\/index.php?rest_route=%2Fwp%2Fv2%2Fcategories&post=84888"},{"taxonomy":"post_tag","embeddable":true,"href":"https:\/\/archive.sana.sy\/es\/index.php?rest_route=%2Fwp%2Fv2%2Ftags&post=84888"}],"curies":[{"name":"wp","href":"https:\/\/api.w.org\/{rel}","templated":true}]}}