{"id":84891,"date":"2018-07-03T16:18:57","date_gmt":"2018-07-03T13:18:57","guid":{"rendered":"https:\/\/www.sana.sy\/es\/?p=84891"},"modified":"2018-07-03T16:18:57","modified_gmt":"2018-07-03T13:18:57","slug":"22-muertos-y-heridos-en-un-nueva-masacre-saudi-en-yemen","status":"publish","type":"post","link":"https:\/\/archive.sana.sy\/es\/?p=84891","title":{"rendered":"22 muertos y heridos en un nueva masacre Saud\u00ed en Yemen"},"content":{"rendered":"<p><span style=\"color: #800000\">San\u00e1, SANA<\/span>&#8211; El n\u00famero de v\u00edctimas de la masacre llevada a cabo por la Fuerza A\u00e9rea de Arabia Saud\u00ed este martes contra la Direcci\u00f3n de Al-Zaher , provincia de Saada, ha aumentado a 22 muertos y heridos, en su mayor\u00eda mujeres y ni\u00f1os<\/p>\n<p>&#8220;La mascare cometida por la alianza saud\u00ed result\u00f3 en la muerte de 11 m\u00e1rtires y 11 heridos, en su mayor\u00eda ni\u00f1os&#8221;, dijo una fuente de seguridad en Saada .<\/p>\n<p>La fuente agreg\u00f3 que la Fuerza A\u00e9rea saudita tambi\u00e9n lanz\u00f3 una serie de redadas contra viviendas de ciudadanos en varias \u00e1reas de la provincia de Saada, y a\u00f1adi\u00f3 que dos ataques han sido dirigidos contra la zona de Al-Nassawa en la provincia de Haidan, donde una mujer cayo m\u00e1rtir.<\/p>\n<p>En su respuesta, ej\u00e9rcito y los Comit\u00e9s Populares yemen\u00ed es lanzaron hoy un misil bal\u00edstico (Badr-1), de fabricaci\u00f3n local, contra la ciudad militar de Al Malek Faisal, en la ciudad de Khamis Mushait, en el suroeste de Arabia Saudita.<\/p>\n<p>M\/Miri<\/p>\n","protected":false},"excerpt":{"rendered":"<p>San\u00e1, SANA&#8211; El n\u00famero de v\u00edctimas de la masacre llevada a cabo por la Fuerza A\u00e9rea de Arabia Saud\u00ed este martes contra la Direcci\u00f3n de Al-Zaher , provincia de Saada, ha aumentado a 22 muertos y heridos, en su mayor\u00eda mujeres y ni\u00f1os &#8220;La mascare cometida por la alianza saud\u00ed result\u00f3 en la muerte de &hellip;<\/p>\n","protected":false},"author":1,"featured_media":84892,"comment_status":"closed","ping_status":"closed","sticky":false,"template":"","format":"standard","meta":{"footnotes":""},"categories":[597,456,457],"tags":[],"class_list":["post-84891","post","type-post","status-publish","format-standard","has-post-thumbnail","","category-cinta-de-noticias","category-arabe-internacional-politica","category-noticias-arabe-internacional-politica"],"_links":{"self":[{"href":"https:\/\/archive.sana.sy\/es\/index.php?rest_route=\/wp\/v2\/posts\/84891"}],"collection":[{"href":"https:\/\/archive.sana.sy\/es\/index.php?rest_route=\/wp\/v2\/posts"}],"about":[{"href":"https:\/\/archive.sana.sy\/es\/index.php?rest_route=\/wp\/v2\/types\/post"}],"author":[{"embeddable":true,"href":"https:\/\/archive.sana.sy\/es\/index.php?rest_route=\/wp\/v2\/users\/1"}],"replies":[{"embeddable":true,"href":"https:\/\/archive.sana.sy\/es\/index.php?rest_route=%2Fwp%2Fv2%2Fcomments&post=84891"}],"version-history":[{"count":0,"href":"https:\/\/archive.sana.sy\/es\/index.php?rest_route=\/wp\/v2\/posts\/84891\/revisions"}],"wp:featuredmedia":[{"embeddable":true,"href":"https:\/\/archive.sana.sy\/es\/index.php?rest_route=\/wp\/v2\/media\/84892"}],"wp:attachment":[{"href":"https:\/\/archive.sana.sy\/es\/index.php?rest_route=%2Fwp%2Fv2%2Fmedia&parent=84891"}],"wp:term":[{"taxonomy":"category","embeddable":true,"href":"https:\/\/archive.sana.sy\/es\/index.php?rest_route=%2Fwp%2Fv2%2Fcategories&post=84891"},{"taxonomy":"post_tag","embeddable":true,"href":"https:\/\/archive.sana.sy\/es\/index.php?rest_route=%2Fwp%2Fv2%2Ftags&post=84891"}],"curies":[{"name":"wp","href":"https:\/\/api.w.org\/{rel}","templated":true}]}}