{"id":84895,"date":"2018-07-03T16:24:09","date_gmt":"2018-07-03T13:24:09","guid":{"rendered":"https:\/\/www.sana.sy\/es\/?p=84895"},"modified":"2018-07-03T18:21:37","modified_gmt":"2018-07-03T15:21:37","slug":"convoy-de-ayuda-llega-a-los-pueblos-liberados-en-el-campo-de-daraa","status":"publish","type":"post","link":"https:\/\/archive.sana.sy\/es\/?p=84895","title":{"rendered":"Convoy de ayuda llega a los pueblos liberados en el campo de Daraa"},"content":{"rendered":"<p><span style=\"color: #800000\">Daraa, SANA<\/span> &#8211; Un convoy de ayuda enviado por la gobernaci\u00f3n de Daraa lleg\u00f3 a los pueblos y pueblos liberados en la provincia el martes.<\/p>\n<p>El reportero de SANA en Daraa dijo que el convoy se compone de 14 camiones que transportan alimentos y sustancias m\u00e9dicas, y se envi\u00f3 a los publos y localidades de al-Sahwa, al-Msifra, al-Jiza, al-Gharia al-Sharqia, al-Karak y Ghasm , parte oriental de la provincia.<\/p>\n<p>La ayuda inclu\u00eda suministros m\u00e9dicos, una ambulancia con una enfermera, una cl\u00ednica m\u00f3vil con un m\u00e9dico y 400 canastas de alimentos, 400 canastas de alimentos enlatados, 2000 paquetes de pan, 16 toneladas de harina, 3 camiones cisterna de agua potable y 3 camiones cisterna de combustible .<\/p>\n<p>Durante los \u00faltimos diez d\u00edas, el ej\u00e9rcito \u00e1rabe sirio ha lanzado una operaci\u00f3n militar contra las organizaciones terroristas en el campo de Daraa, donde ha logrado liberar a varias localidades u pueblos de la presencia terrorista.<\/p>\n<p>&nbsp;<\/p>\n<p>M\/Miri<\/p>\n","protected":false},"excerpt":{"rendered":"<p>Daraa, SANA &#8211; Un convoy de ayuda enviado por la gobernaci\u00f3n de Daraa lleg\u00f3 a los pueblos y pueblos liberados en la provincia el martes. El reportero de SANA en Daraa dijo que el convoy se compone de 14 camiones que transportan alimentos y sustancias m\u00e9dicas, y se envi\u00f3 a los publos y localidades de &hellip;<\/p>\n","protected":false},"author":1,"featured_media":84896,"comment_status":"closed","ping_status":"closed","sticky":false,"template":"","format":"standard","meta":{"footnotes":""},"categories":[597,573,7541],"tags":[],"class_list":["post-84895","post","type-post","status-publish","format-standard","has-post-thumbnail","","category-cinta-de-noticias","category-la-realidad-de-los-acontecimientos-en-siria","category-ultimas-noticias"],"_links":{"self":[{"href":"https:\/\/archive.sana.sy\/es\/index.php?rest_route=\/wp\/v2\/posts\/84895"}],"collection":[{"href":"https:\/\/archive.sana.sy\/es\/index.php?rest_route=\/wp\/v2\/posts"}],"about":[{"href":"https:\/\/archive.sana.sy\/es\/index.php?rest_route=\/wp\/v2\/types\/post"}],"author":[{"embeddable":true,"href":"https:\/\/archive.sana.sy\/es\/index.php?rest_route=\/wp\/v2\/users\/1"}],"replies":[{"embeddable":true,"href":"https:\/\/archive.sana.sy\/es\/index.php?rest_route=%2Fwp%2Fv2%2Fcomments&post=84895"}],"version-history":[{"count":0,"href":"https:\/\/archive.sana.sy\/es\/index.php?rest_route=\/wp\/v2\/posts\/84895\/revisions"}],"wp:featuredmedia":[{"embeddable":true,"href":"https:\/\/archive.sana.sy\/es\/index.php?rest_route=\/wp\/v2\/media\/84896"}],"wp:attachment":[{"href":"https:\/\/archive.sana.sy\/es\/index.php?rest_route=%2Fwp%2Fv2%2Fmedia&parent=84895"}],"wp:term":[{"taxonomy":"category","embeddable":true,"href":"https:\/\/archive.sana.sy\/es\/index.php?rest_route=%2Fwp%2Fv2%2Fcategories&post=84895"},{"taxonomy":"post_tag","embeddable":true,"href":"https:\/\/archive.sana.sy\/es\/index.php?rest_route=%2Fwp%2Fv2%2Ftags&post=84895"}],"curies":[{"name":"wp","href":"https:\/\/api.w.org\/{rel}","templated":true}]}}