{"id":84898,"date":"2018-07-03T16:38:44","date_gmt":"2018-07-03T13:38:44","guid":{"rendered":"https:\/\/www.sana.sy\/es\/?p=84898"},"modified":"2018-07-03T16:38:44","modified_gmt":"2018-07-03T13:38:44","slug":"ejercito-sirio-entra-en-la-aldea-de-al-kheil-en-daraa","status":"publish","type":"post","link":"https:\/\/archive.sana.sy\/es\/?p=84898","title":{"rendered":"Ej\u00e9rcito sirio entra en la aldea de Al Kheil en Daraa"},"content":{"rendered":"<div><span style=\"color: #800000\">Daraa, SANA<\/span>&#8211; El corresponsal militar de SANA inform\u00f3 desde las afueras de la aldea de Al \u00a0Kheil, al este de la ciudad de Daraa a unas 30 \/ km, \u00a0que las unidades del ej\u00e9rcito entraron al pueblo despu\u00e9s de enfrentamientos violentos con las organizaciones terroristas desplegadas all\u00ed, \u00a0donde los enfrentamientos terminaron con la muerte de un n\u00famero de efectivos y terroristas y la huida del resto hacia las ciudades vecinas de Siday Al Giza.<\/div>\n<div><\/div>\n<div>El corresponsal se\u00f1al\u00f3 que las unidades \u00a0de la ingenier\u00eda militares comenzaron inmediatamente a peinar la aldea para despejar los restos de terroristas y restablecer la seguridad y la estabilidad completamente en preparaci\u00f3n para el regreso de la gente a ella.<\/div>\n<div><\/div>\n<div>Seg\u00fan la fuente, las unidades del ej\u00e9rcito llevaron a cabo operaciones precisas y contra l\u00edneas de suministro de terroristas y ejes de movimiento en el \u00e1rea extendida entre las localidades de Al \u00a0Giza y Sida \u00a0hacia la frontera jordana y causaron grandes p\u00e9rdidas en sus filas.<\/div>\n<div><\/div>\n<div>En el campo del noroeste de la urbe, las operaciones militares se centraron contra feudos del Frente Al Nusra y del llamado \/ ej\u00e9rcito Khalid bin al-Walid\/, conocido por su juramento lealtad a la organizaci\u00f3n \/ Daesh \/ en la ciudad de Tafs.<\/div>\n<div><\/div>\n<div>Adem\u00e1s, los grupos terroristas reconocieron \u00a0en los sitios de redes sociales \u00a0la muerte de al menos de 22 de sus elementos \u00a0durante \u00a0las operaciones del ej\u00e9rcito en el campo occidental de Deraa.<\/div>\n<div><\/div>\n<div>M\/Miri<\/div>\n","protected":false},"excerpt":{"rendered":"<p>Daraa, SANA&#8211; El corresponsal militar de SANA inform\u00f3 desde las afueras de la aldea de Al \u00a0Kheil, al este de la ciudad de Daraa a unas 30 \/ km, \u00a0que las unidades del ej\u00e9rcito entraron al pueblo despu\u00e9s de enfrentamientos violentos con las organizaciones terroristas desplegadas all\u00ed, \u00a0donde los enfrentamientos terminaron con la muerte de &hellip;<\/p>\n","protected":false},"author":1,"featured_media":84278,"comment_status":"closed","ping_status":"closed","sticky":false,"template":"","format":"standard","meta":{"footnotes":""},"categories":[597,573,583],"tags":[],"class_list":["post-84898","post","type-post","status-publish","format-standard","has-post-thumbnail","","category-cinta-de-noticias","category-la-realidad-de-los-acontecimientos-en-siria","category-slide"],"_links":{"self":[{"href":"https:\/\/archive.sana.sy\/es\/index.php?rest_route=\/wp\/v2\/posts\/84898"}],"collection":[{"href":"https:\/\/archive.sana.sy\/es\/index.php?rest_route=\/wp\/v2\/posts"}],"about":[{"href":"https:\/\/archive.sana.sy\/es\/index.php?rest_route=\/wp\/v2\/types\/post"}],"author":[{"embeddable":true,"href":"https:\/\/archive.sana.sy\/es\/index.php?rest_route=\/wp\/v2\/users\/1"}],"replies":[{"embeddable":true,"href":"https:\/\/archive.sana.sy\/es\/index.php?rest_route=%2Fwp%2Fv2%2Fcomments&post=84898"}],"version-history":[{"count":0,"href":"https:\/\/archive.sana.sy\/es\/index.php?rest_route=\/wp\/v2\/posts\/84898\/revisions"}],"wp:featuredmedia":[{"embeddable":true,"href":"https:\/\/archive.sana.sy\/es\/index.php?rest_route=\/wp\/v2\/media\/84278"}],"wp:attachment":[{"href":"https:\/\/archive.sana.sy\/es\/index.php?rest_route=%2Fwp%2Fv2%2Fmedia&parent=84898"}],"wp:term":[{"taxonomy":"category","embeddable":true,"href":"https:\/\/archive.sana.sy\/es\/index.php?rest_route=%2Fwp%2Fv2%2Fcategories&post=84898"},{"taxonomy":"post_tag","embeddable":true,"href":"https:\/\/archive.sana.sy\/es\/index.php?rest_route=%2Fwp%2Fv2%2Ftags&post=84898"}],"curies":[{"name":"wp","href":"https:\/\/api.w.org\/{rel}","templated":true}]}}