{"id":84995,"date":"2018-07-06T14:12:24","date_gmt":"2018-07-06T11:12:24","guid":{"rendered":"https:\/\/www.sana.sy\/es\/?p=84995"},"modified":"2023-01-10T15:16:30","modified_gmt":"2023-01-10T13:16:30","slug":"vicecanciller-cubano-se-reune-con-el-ministro-de-salud-sirio","status":"publish","type":"post","link":"https:\/\/archive.sana.sy\/es\/?p=84995","title":{"rendered":"Vicecanciller cubano se re\u00fane con el ministro de Salud sirio"},"content":{"rendered":"<p><span style=\"color: #800000\">La Habana, SANA-\u00a0<\/span>El ministro de Salud, Nizar Yazji, examin\u00f3 con el ministro de Comercio Exterior e Inversi\u00f3n Extranjera de Cuba,Rodrigo Malmierca D\u00edaz, las relaciones bilaterales y las v\u00edas de consolidarlas, especialmente en el campo de la salud.<\/p>\n<p>Durante un encuentro sostenido en la sede de la canciller\u00eda cubana en La Habana, el ministro Yazji dijo que su visita a Cuba busca el reforzamiento de la cooperaci\u00f3n en materia de salud y el intercambio de experiencias conjuntas entre los dos pa\u00edses, indicando que la cooperaci\u00f3n con Cuba recibir\u00e1 un impulso adicional.<\/p>\n<p>El titular cubano agradeci\u00f3 a Cuba por apoyar a Siria y su pueblo en el enfrentamiento a la guerra terrorista.<\/p>\n<p>Por su parte, el vicecanciller cubano reiter\u00f3 el apoyo de su pa\u00eds a Siria en todos los campos, especialmente en el enfrentamiento a la guerra terrorista, y expres\u00f3 su gran satisfacci\u00f3n por el progreso de las relaciones entre los dos pa\u00edses, y que fueron testigo de un gran desarrollo en los \u00faltimos tiempos.<\/p>\n<p><a href=\"https:\/\/www.sana.sy\/es\/?attachment_id=85032\" rel=\"attachment wp-att-85032\"><img loading=\"lazy\" decoding=\"async\" class=\"alignnone size-medium wp-image-85032\" src=\"https:\/\/www.sana.sy\/es\/wp-content\/uploads\/2018\/07\/22-1-253x300.jpg\" alt=\"\" width=\"253\" height=\"300\" srcset=\"https:\/\/archive.sana.sy\/es\/wp-content\/uploads\/2018\/07\/22-1.jpg 253w, https:\/\/archive.sana.sy\/es\/wp-content\/uploads\/2018\/07\/22-1-127x150.jpg 127w\" sizes=\"(max-width: 253px) 100vw, 253px\" \/><\/a><\/p>\n<p>Medina manifest\u00f3 que la firma del acuerdo de cooperaci\u00f3n m\u00e9dica entre Siria y Cuba contribuir\u00e1 a fortalecer las relaciones entre los dos pa\u00edses en este campo, reiterando la disposici\u00f3n de su pa\u00eds para proporcionar su experiencia m\u00e9dica a Siria.<\/p>\n<p>Tambi\u00e9n elogi\u00f3 los sacrificios del Ej\u00e9rcito \u00c1rabe Sirio y la firmeza del pueblo sirio y su liderazgo frente al terrorismo, y expres\u00f3 su confianza en la pronta victoria de Siria.<\/p>\n<p><span style=\"color: #0000ff\">Ministro de Salud sirio visita la Escuela Latinoamericana de Medicina en La Habana<\/span><\/p>\n<p>Como parte de su visita a Cuba, el Ministro de Salud visit\u00f3 la Escuela Latinoamericana de Medicina en La Habana y se reuni\u00f3 con su rector Antonio L\u00f3pez, quien ofreci\u00f3 una presentaci\u00f3n sobre el sistema de educaci\u00f3n en salud en Cuba y elogi\u00f3 los esfuerzos de los estudiantes sirios que cursan estudios en la escuela.<\/p>\n<p>Yazji se reuni\u00f3 con los estudiantes sirios en la escuela y escuch\u00f3 sus problemas, enfatizando la importancia de que sigan sus estudios para obtener conocimiento y experiencia y ponerla al servicio de su patria.<\/p>\n<p><span style=\"color: #0000ff\">F. Marouf\/ Dr. A. Shaban<\/span><\/p>\n","protected":false},"excerpt":{"rendered":"<p>La Habana, SANA-\u00a0El ministro de Salud, Nizar Yazji, examin\u00f3 con el ministro de Comercio Exterior e Inversi\u00f3n Extranjera de Cuba,Rodrigo Malmierca D\u00edaz, las relaciones bilaterales y las v\u00edas de consolidarlas, especialmente en el campo de la salud. Durante un encuentro sostenido en la sede de la canciller\u00eda cubana en La Habana, el ministro Yazji dijo &hellip;<\/p>\n","protected":false},"author":1,"featured_media":85031,"comment_status":"closed","ping_status":"closed","sticky":false,"template":"","format":"standard","meta":{"footnotes":""},"categories":[485],"tags":[12197],"class_list":["post-84995","post","type-post","status-publish","format-standard","has-post-thumbnail","","category-informes-negocios-y-finanzas","tag-vicecanciller-cubano-se-reune-con-el-ministro-de-salud-sirio"],"_links":{"self":[{"href":"https:\/\/archive.sana.sy\/es\/index.php?rest_route=\/wp\/v2\/posts\/84995"}],"collection":[{"href":"https:\/\/archive.sana.sy\/es\/index.php?rest_route=\/wp\/v2\/posts"}],"about":[{"href":"https:\/\/archive.sana.sy\/es\/index.php?rest_route=\/wp\/v2\/types\/post"}],"author":[{"embeddable":true,"href":"https:\/\/archive.sana.sy\/es\/index.php?rest_route=\/wp\/v2\/users\/1"}],"replies":[{"embeddable":true,"href":"https:\/\/archive.sana.sy\/es\/index.php?rest_route=%2Fwp%2Fv2%2Fcomments&post=84995"}],"version-history":[{"count":0,"href":"https:\/\/archive.sana.sy\/es\/index.php?rest_route=\/wp\/v2\/posts\/84995\/revisions"}],"wp:featuredmedia":[{"embeddable":true,"href":"https:\/\/archive.sana.sy\/es\/index.php?rest_route=\/wp\/v2\/media\/85031"}],"wp:attachment":[{"href":"https:\/\/archive.sana.sy\/es\/index.php?rest_route=%2Fwp%2Fv2%2Fmedia&parent=84995"}],"wp:term":[{"taxonomy":"category","embeddable":true,"href":"https:\/\/archive.sana.sy\/es\/index.php?rest_route=%2Fwp%2Fv2%2Fcategories&post=84995"},{"taxonomy":"post_tag","embeddable":true,"href":"https:\/\/archive.sana.sy\/es\/index.php?rest_route=%2Fwp%2Fv2%2Ftags&post=84995"}],"curies":[{"name":"wp","href":"https:\/\/api.w.org\/{rel}","templated":true}]}}