{"id":85058,"date":"2018-07-06T15:17:22","date_gmt":"2018-07-06T12:17:22","guid":{"rendered":"https:\/\/www.sana.sy\/es\/?p=85058"},"modified":"2018-07-06T15:17:22","modified_gmt":"2018-07-06T12:17:22","slug":"patriarca-john-x-yazici-vista-lugraes-sagrados-en-guta-oriental","status":"publish","type":"post","link":"https:\/\/archive.sana.sy\/es\/?p=85058","title":{"rendered":"Patriarca John X Yazici vista lugraes sagrados en Guta Oriental"},"content":{"rendered":"<p><span style=\"color: #800000\">Rif Dimashq, SANA<\/span>&#8211; El Patriarca de Antioquia y todo el Oriente de la Iglesia Greco-Ortodoxa, John X Yazici, dijo que los sirios, tanto musulmanes como cristianos forman una sola familia, y permanecer\u00e1n firmes en su tierra, donde el terrorismo ser\u00e1 incapaz de arrancarlos de esta tierra.<\/p>\n<p>Dichas declaraciones se realizaron durante una visita del Patriarca Yazici este viernes a la Iglesia de San Jorge, la gran mezquita en Arbin, la Iglesia del Profeta El\u00edas y la mezquita de Al Zahra en la ciudad de Harasta, donde ha sido informado sobre la magnitud de los da\u00f1os y la destrucci\u00f3n que han sufrido los sitios religiosos en esta regi\u00f3n.<\/p>\n<p>Los sitios religiosos y arqueol\u00f3gicos ubicados en Guta Oriental, incluyendo iglesias y mezquitas, sufrieron da\u00f1os y saqueos durante el per\u00edodo del control terrorista en tal zona.<\/p>\n<p>Adem\u00e1s, el Patriarca salud\u00f3 la valent\u00eda del ej\u00e9rcito sirio, que ha purgado la regi\u00f3n del terrorismo, haciendo hincapi\u00e9 en que el pueblo de Siria seguir\u00e1 firme y unido a su ej\u00e9rcito y su liderazgo.<\/p>\n<p>M\/Miri<\/p>\n","protected":false},"excerpt":{"rendered":"<p>Rif Dimashq, SANA&#8211; El Patriarca de Antioquia y todo el Oriente de la Iglesia Greco-Ortodoxa, John X Yazici, dijo que los sirios, tanto musulmanes como cristianos forman una sola familia, y permanecer\u00e1n firmes en su tierra, donde el terrorismo ser\u00e1 incapaz de arrancarlos de esta tierra. Dichas declaraciones se realizaron durante una visita del Patriarca &hellip;<\/p>\n","protected":false},"author":1,"featured_media":85059,"comment_status":"closed","ping_status":"closed","sticky":false,"template":"","format":"standard","meta":{"footnotes":""},"categories":[477,597,476,7541],"tags":[],"class_list":["post-85058","post","type-post","status-publish","format-standard","has-post-thumbnail","","category-noticias-edulcorantes","category-cinta-de-noticias","category-locales","category-ultimas-noticias"],"_links":{"self":[{"href":"https:\/\/archive.sana.sy\/es\/index.php?rest_route=\/wp\/v2\/posts\/85058"}],"collection":[{"href":"https:\/\/archive.sana.sy\/es\/index.php?rest_route=\/wp\/v2\/posts"}],"about":[{"href":"https:\/\/archive.sana.sy\/es\/index.php?rest_route=\/wp\/v2\/types\/post"}],"author":[{"embeddable":true,"href":"https:\/\/archive.sana.sy\/es\/index.php?rest_route=\/wp\/v2\/users\/1"}],"replies":[{"embeddable":true,"href":"https:\/\/archive.sana.sy\/es\/index.php?rest_route=%2Fwp%2Fv2%2Fcomments&post=85058"}],"version-history":[{"count":0,"href":"https:\/\/archive.sana.sy\/es\/index.php?rest_route=\/wp\/v2\/posts\/85058\/revisions"}],"wp:featuredmedia":[{"embeddable":true,"href":"https:\/\/archive.sana.sy\/es\/index.php?rest_route=\/wp\/v2\/media\/85059"}],"wp:attachment":[{"href":"https:\/\/archive.sana.sy\/es\/index.php?rest_route=%2Fwp%2Fv2%2Fmedia&parent=85058"}],"wp:term":[{"taxonomy":"category","embeddable":true,"href":"https:\/\/archive.sana.sy\/es\/index.php?rest_route=%2Fwp%2Fv2%2Fcategories&post=85058"},{"taxonomy":"post_tag","embeddable":true,"href":"https:\/\/archive.sana.sy\/es\/index.php?rest_route=%2Fwp%2Fv2%2Ftags&post=85058"}],"curies":[{"name":"wp","href":"https:\/\/api.w.org\/{rel}","templated":true}]}}