{"id":85061,"date":"2018-07-06T15:36:53","date_gmt":"2018-07-06T12:36:53","guid":{"rendered":"https:\/\/www.sana.sy\/es\/?p=85061"},"modified":"2018-07-06T15:36:53","modified_gmt":"2018-07-06T12:36:53","slug":"lavrov-examina-con-zarif-y-mogherini-la-situacion-en-siria-y-el-acuerdo-nuclear-con-iran","status":"publish","type":"post","link":"https:\/\/archive.sana.sy\/es\/?p=85061","title":{"rendered":"Lavrov examina con Zarif y Mogherini la situaci\u00f3n en Siria y el acuerdo nuclear con Ir\u00e1n"},"content":{"rendered":"<p><span style=\"color: #800000\">Viena, SANA<\/span>&#8211; El canciller ruso, Sergei Lavrov, abord\u00f3 este viernes con su hom\u00f3logo iran\u00ed, Mohammad Javad Zarif, los \u00faltimos acontecimientos relacionados con el acuerdo nuclear con Ir\u00e1n y la situaci\u00f3n en Siria, seg\u00fan inform\u00f3 un comunicado de la canciller\u00eda de Rusia.<\/p>\n<p>&#8220;Los dos ministros se centraron durante la reuni\u00f3n de hoy, celebrada en Viena, en un plan conjunto de acci\u00f3n amplio sobre el programa nuclear de Ir\u00e1n, tambi\u00e9n intercambiaron puntos de vista sobre algunas de las cuestiones internacionales apremiantes y en particular la crisis en Siria y las preparaciones de la quinta cumbre del Mar Caspio&#8221;, dice el texto del ente ruso.<\/p>\n<p>Adem\u00e1s, se discutieron temas de cooperaci\u00f3n bilateral con un enfoque en la aplicaci\u00f3n de los acuerdos alcanzados en cuanto a la activaci\u00f3n de la cooperaci\u00f3n comercial y econ\u00f3mica entre los dos pa\u00edses.<\/p>\n<p>En otro encuentro celebrado en Viena, Lavrov se reuni\u00f3 con la alta representante de la Uni\u00f3n Europea para Asuntos Exteriores y Pol\u00edtica de Seguridad Federica Mogherini, donde se examinaron la situaci\u00f3n en Siria, la crisis de Ucrania y el acuerdo nuclear con Ir\u00e1n, seg\u00fan cit\u00f3 la agencia Sputnik al ministerio de exteriores de Rusia.<\/p>\n<p>M\/Miri<\/p>\n","protected":false},"excerpt":{"rendered":"<p>Viena, SANA&#8211; El canciller ruso, Sergei Lavrov, abord\u00f3 este viernes con su hom\u00f3logo iran\u00ed, Mohammad Javad Zarif, los \u00faltimos acontecimientos relacionados con el acuerdo nuclear con Ir\u00e1n y la situaci\u00f3n en Siria, seg\u00fan inform\u00f3 un comunicado de la canciller\u00eda de Rusia. &#8220;Los dos ministros se centraron durante la reuni\u00f3n de hoy, celebrada en Viena, en &hellip;<\/p>\n","protected":false},"author":1,"featured_media":85062,"comment_status":"closed","ping_status":"closed","sticky":false,"template":"","format":"standard","meta":{"footnotes":""},"categories":[597,456,457,7541],"tags":[],"class_list":["post-85061","post","type-post","status-publish","format-standard","has-post-thumbnail","","category-cinta-de-noticias","category-arabe-internacional-politica","category-noticias-arabe-internacional-politica","category-ultimas-noticias"],"_links":{"self":[{"href":"https:\/\/archive.sana.sy\/es\/index.php?rest_route=\/wp\/v2\/posts\/85061"}],"collection":[{"href":"https:\/\/archive.sana.sy\/es\/index.php?rest_route=\/wp\/v2\/posts"}],"about":[{"href":"https:\/\/archive.sana.sy\/es\/index.php?rest_route=\/wp\/v2\/types\/post"}],"author":[{"embeddable":true,"href":"https:\/\/archive.sana.sy\/es\/index.php?rest_route=\/wp\/v2\/users\/1"}],"replies":[{"embeddable":true,"href":"https:\/\/archive.sana.sy\/es\/index.php?rest_route=%2Fwp%2Fv2%2Fcomments&post=85061"}],"version-history":[{"count":0,"href":"https:\/\/archive.sana.sy\/es\/index.php?rest_route=\/wp\/v2\/posts\/85061\/revisions"}],"wp:featuredmedia":[{"embeddable":true,"href":"https:\/\/archive.sana.sy\/es\/index.php?rest_route=\/wp\/v2\/media\/85062"}],"wp:attachment":[{"href":"https:\/\/archive.sana.sy\/es\/index.php?rest_route=%2Fwp%2Fv2%2Fmedia&parent=85061"}],"wp:term":[{"taxonomy":"category","embeddable":true,"href":"https:\/\/archive.sana.sy\/es\/index.php?rest_route=%2Fwp%2Fv2%2Fcategories&post=85061"},{"taxonomy":"post_tag","embeddable":true,"href":"https:\/\/archive.sana.sy\/es\/index.php?rest_route=%2Fwp%2Fv2%2Ftags&post=85061"}],"curies":[{"name":"wp","href":"https:\/\/api.w.org\/{rel}","templated":true}]}}