{"id":85064,"date":"2018-07-06T15:51:53","date_gmt":"2018-07-06T12:51:53","guid":{"rendered":"https:\/\/www.sana.sy\/es\/?p=85064"},"modified":"2018-07-06T15:51:53","modified_gmt":"2018-07-06T12:51:53","slug":"rusia-apoya-los-esfuerzos-del-gobierno-sirio-para-garantizar-un-retorno-seguro-voluntario-y-digo-de-ciudadanos-sirios","status":"publish","type":"post","link":"https:\/\/archive.sana.sy\/es\/?p=85064","title":{"rendered":"Rusia apoya los esfuerzos del Gobierno sirio para garantizar un retorno seguro, voluntario y digo de ciudadanos sirios"},"content":{"rendered":"<p><span style=\"color: #800000\">Mosc\u00fa, SANA<\/span>&#8211; El vicecanciller ruso, Sergu\u00e9i Vershinin, confirm\u00f3 el apoyo de su pa\u00eds a los esfuerzos de la Rep\u00fablica \u00c1rabe Siria para asegurar un regreso seguro, voluntario y digno de los ciudadanos sirios a sus lugares de residencia permanente en las zonas liberadas de la amenaza terrorista.<\/p>\n<p>El Ministerio de Asuntos Exteriores de Rusia dijo en un comunicado que Vershinin inform\u00f3 al embajador de Siria en Mosc\u00fa, el Dr. Riyad Haddad en detalle sobre las preparativas llevadas en curso para la celebraci\u00f3n de la d\u00e9cima reuni\u00f3n internacional sobre Siria en Sochi.<\/p>\n<p>El Vershinin dijo ayer que la pr\u00f3xima reuni\u00f3n de la f\u00f3rmula de Astan\u00e1 sobre la crisis en Siria, que se llevar\u00e1 a cabo en la ciudad rusa de Sochi, a finales de este mes contar\u00e1 con la presencia de representantes del gobierno sirio y de la &#8220;oposici\u00f3n&#8221; se llevar\u00e1 a cabo seg\u00fan la misma f\u00f3rmula que se celebr\u00f3 antes en Astan\u00e1.<\/p>\n<p>El comunicado agreg\u00f3 que las dos partes tambi\u00e9n discutieron las perspectivas de resolver la crisis en Siria sobre la base de la resoluci\u00f3n N- 2254 del Consejo de Seguridad de la ONU, con un enfoque en la importancia de la formaci\u00f3n y del inicio del trabajo de la Comisi\u00f3n Constitucional en Ginebra, de acuerdo con los resultados de la conferencia de di\u00e1logo nacional sirio en Sochi.<\/p>\n<p>M\/Miri<\/p>\n","protected":false},"excerpt":{"rendered":"<p>Mosc\u00fa, SANA&#8211; El vicecanciller ruso, Sergu\u00e9i Vershinin, confirm\u00f3 el apoyo de su pa\u00eds a los esfuerzos de la Rep\u00fablica \u00c1rabe Siria para asegurar un regreso seguro, voluntario y digno de los ciudadanos sirios a sus lugares de residencia permanente en las zonas liberadas de la amenaza terrorista. El Ministerio de Asuntos Exteriores de Rusia dijo &hellip;<\/p>\n","protected":false},"author":1,"featured_media":85065,"comment_status":"closed","ping_status":"closed","sticky":false,"template":"","format":"standard","meta":{"footnotes":""},"categories":[597,467,7541],"tags":[],"class_list":["post-85064","post","type-post","status-publish","format-standard","has-post-thumbnail","","category-cinta-de-noticias","category-siria-y-el-mundo","category-ultimas-noticias"],"_links":{"self":[{"href":"https:\/\/archive.sana.sy\/es\/index.php?rest_route=\/wp\/v2\/posts\/85064"}],"collection":[{"href":"https:\/\/archive.sana.sy\/es\/index.php?rest_route=\/wp\/v2\/posts"}],"about":[{"href":"https:\/\/archive.sana.sy\/es\/index.php?rest_route=\/wp\/v2\/types\/post"}],"author":[{"embeddable":true,"href":"https:\/\/archive.sana.sy\/es\/index.php?rest_route=\/wp\/v2\/users\/1"}],"replies":[{"embeddable":true,"href":"https:\/\/archive.sana.sy\/es\/index.php?rest_route=%2Fwp%2Fv2%2Fcomments&post=85064"}],"version-history":[{"count":0,"href":"https:\/\/archive.sana.sy\/es\/index.php?rest_route=\/wp\/v2\/posts\/85064\/revisions"}],"wp:featuredmedia":[{"embeddable":true,"href":"https:\/\/archive.sana.sy\/es\/index.php?rest_route=\/wp\/v2\/media\/85065"}],"wp:attachment":[{"href":"https:\/\/archive.sana.sy\/es\/index.php?rest_route=%2Fwp%2Fv2%2Fmedia&parent=85064"}],"wp:term":[{"taxonomy":"category","embeddable":true,"href":"https:\/\/archive.sana.sy\/es\/index.php?rest_route=%2Fwp%2Fv2%2Fcategories&post=85064"},{"taxonomy":"post_tag","embeddable":true,"href":"https:\/\/archive.sana.sy\/es\/index.php?rest_route=%2Fwp%2Fv2%2Ftags&post=85064"}],"curies":[{"name":"wp","href":"https:\/\/api.w.org\/{rel}","templated":true}]}}