{"id":85067,"date":"2018-07-06T16:08:41","date_gmt":"2018-07-06T13:08:41","guid":{"rendered":"https:\/\/www.sana.sy\/es\/?p=85067"},"modified":"2018-07-06T16:08:41","modified_gmt":"2018-07-06T13:08:41","slug":"putin-la-copa-mundial-de-rusia-2018-va-muy-bien","status":"publish","type":"post","link":"https:\/\/archive.sana.sy\/es\/?p=85067","title":{"rendered":"Putin: la Copa Mundial de Rusia 2018 va muy bien"},"content":{"rendered":"<p><span style=\"color: #800000\">Mosc\u00fa, SANA<\/span>&#8211; El presidente de Rusia, Vlad\u00edmir Putin, se reune en el Kremlin con leyendas del f\u00fatbol de nivel internacional.<\/p>\n<p>Al Kremlin han sido invitados, el m\u00e9xicano Jorge Campos, ganador de la Copa Confederaciones 1999, el alem\u00e1n Lohtar Matthaus, campe\u00f3n del Mundo en 1990, el holand\u00e9s Marco van Basten, campe\u00f3n de Europa 1988, entre otros.<\/p>\n<p>&#8220;Perm\u00edtanme saludarles en el Kremlin de Mosc\u00fa, expresar mi agradecimiento al presidente de la FIFA [Gianni Infantino] por haberles invitado a todos ustedes a Rusia al Mundial; pienso que esto podr\u00eda convertirse en una muy buena tradici\u00f3n en el futuro, porque ustedes (\u2026) encarnan en gran medida este magn\u00edfico deporte, el f\u00fatbol&#8221;, se\u00f1al\u00f3.<\/p>\n<p>El mandatario ruso a\u00f1adi\u00f3 que cuando la gente les ve en las tribunas, y observa c\u00f3mo se comunican con sus equipos, con los hinchas de sus pa\u00edses y de otros, &#8220;eso no solo inspira a practicar deportes, sino que crea una atm\u00f3sfera especial festiva y de confianza&#8221;.<\/p>\n<p>Al Kremlin han sido invitados, entre otros, el m\u00e9xicano Jorge Campos, ganador de la Copa Confederaciones 1999, el alem\u00e1n Lohtar Matth\u00e4us, participante en 5 Mundiales y campe\u00f3n del Mundo en 1990, el holand\u00e9s Marco van Basten, campe\u00f3n de Europa 1988.<\/p>\n<p>En el encuentro tambi\u00e9n est\u00e1n presentes el campe\u00f3n de Europa de 1992, Peter Schmeichel, de Dinamarca, el mejor jugador del Mundial 2010, el uruguayo Diego Forl\u00e1n, el seis veces campe\u00f3n de Inglaterra y ganador de la Liga de Campeones 2008, Rio Ferdinand y la medallista de bronce del Mundial 2015 Alexandra Scott.<\/p>\n<p>A la cita tambi\u00e9n acudi\u00f3 el medallista de bronce del Mundial de 1998 Zvonimir Boban, de Croacia.<\/p>\n<p>El presidente de la FIFA, Gianni Infantino, el asesor del presidente ruso, \u00cdgor Levitin y el primer vicepresidente de la Uni\u00f3n de F\u00fatbol de Rusia y campe\u00f3n ol\u00edmpico de 1956, Nikita Simoni\u00e1n, se sumaron al encuentro.<\/p>\n<p>M\/Miri<\/p>\n","protected":false},"excerpt":{"rendered":"<p>Mosc\u00fa, SANA&#8211; El presidente de Rusia, Vlad\u00edmir Putin, se reune en el Kremlin con leyendas del f\u00fatbol de nivel internacional. Al Kremlin han sido invitados, el m\u00e9xicano Jorge Campos, ganador de la Copa Confederaciones 1999, el alem\u00e1n Lohtar Matthaus, campe\u00f3n del Mundo en 1990, el holand\u00e9s Marco van Basten, campe\u00f3n de Europa 1988, entre otros. &hellip;<\/p>\n","protected":false},"author":1,"featured_media":85068,"comment_status":"closed","ping_status":"closed","sticky":false,"template":"","format":"standard","meta":{"footnotes":""},"categories":[494],"tags":[],"class_list":["post-85067","post","type-post","status-publish","format-standard","has-post-thumbnail","","category-deportes"],"_links":{"self":[{"href":"https:\/\/archive.sana.sy\/es\/index.php?rest_route=\/wp\/v2\/posts\/85067"}],"collection":[{"href":"https:\/\/archive.sana.sy\/es\/index.php?rest_route=\/wp\/v2\/posts"}],"about":[{"href":"https:\/\/archive.sana.sy\/es\/index.php?rest_route=\/wp\/v2\/types\/post"}],"author":[{"embeddable":true,"href":"https:\/\/archive.sana.sy\/es\/index.php?rest_route=\/wp\/v2\/users\/1"}],"replies":[{"embeddable":true,"href":"https:\/\/archive.sana.sy\/es\/index.php?rest_route=%2Fwp%2Fv2%2Fcomments&post=85067"}],"version-history":[{"count":0,"href":"https:\/\/archive.sana.sy\/es\/index.php?rest_route=\/wp\/v2\/posts\/85067\/revisions"}],"wp:featuredmedia":[{"embeddable":true,"href":"https:\/\/archive.sana.sy\/es\/index.php?rest_route=\/wp\/v2\/media\/85068"}],"wp:attachment":[{"href":"https:\/\/archive.sana.sy\/es\/index.php?rest_route=%2Fwp%2Fv2%2Fmedia&parent=85067"}],"wp:term":[{"taxonomy":"category","embeddable":true,"href":"https:\/\/archive.sana.sy\/es\/index.php?rest_route=%2Fwp%2Fv2%2Fcategories&post=85067"},{"taxonomy":"post_tag","embeddable":true,"href":"https:\/\/archive.sana.sy\/es\/index.php?rest_route=%2Fwp%2Fv2%2Ftags&post=85067"}],"curies":[{"name":"wp","href":"https:\/\/api.w.org\/{rel}","templated":true}]}}