{"id":85073,"date":"2018-07-06T16:51:00","date_gmt":"2018-07-06T13:51:00","guid":{"rendered":"https:\/\/www.sana.sy\/es\/?p=85073"},"modified":"2018-07-06T16:51:23","modified_gmt":"2018-07-06T13:51:23","slug":"el-centro-improvisado-de-jabab-alberga-a-cientos-de-familias-escapadas-de-actos-terroristas-video","status":"publish","type":"post","link":"https:\/\/archive.sana.sy\/es\/?p=85073","title":{"rendered":"El centro improvisado de Jabab alberga a cientos de familias escapadas de actos terroristas-VIDEO"},"content":{"rendered":"<p><span style=\"color: #800000\">Daraa, SANA<\/span>-M\u00e1s de 453 familias residen actualmente en el improvisado centro temporal de la ciudad de Jabab en la zona rural del norte de Daraa.<\/p>\n<p>Las familias han sido desplazadas de la localidad de Nawa y de la aldea de al-Sheikh Saad debido a los actos criminales de terroristas que agredieron a civiles y los tomaron como escudos humanos.<\/p>\n<p>Recientemente, las autoridades abrieron tres corredores humanitarios para facilitar la evacuaci\u00f3n de civiles de las \u00e1reas donde los terroristas est\u00e1n posicionados. El primero de ellos es un corredor para la zona este en la direcci\u00f3n de Khirbet Ghazaleh, mientras que el segundo est\u00e1 en la direcci\u00f3n de la zona occidental de Dael-Khirbet Ghazaleh y el tercero en la direcci\u00f3n de Kafr Shams-Deir al-Bakhet.<\/p>\n<p>Los civiles evacuados fueron transportados al centro improvisado en Jabab.<\/p>\n<p>En declaraciones a SANA, el jefe del centro m\u00e9dico en el centro improvisado, Ibrahem Aboud, dijo que unas 300 personas visitan el punto a diario y que todos los servicios de salud, incluidas las vacunas para los ni\u00f1os que se saltaron algunas vacunas, se les est\u00e1n proporcionando.<\/p>\n<p>Agreg\u00f3 que los casos cr\u00edticos que requieren cuidados especiales est\u00e1n siendo transferidos al hospital de Sanamin o a los hospitales de Damasco.<\/p>\n<p>&#8220;La situaci\u00f3n en el centro es buena ya que proporciona todos los servicios de salud, agua y comida&#8221;, dijo una mujer de al-Sheikh Saad, esperando regresar pronto a su ciudad natal.<\/p>\n<p>Un ciudadano de Nawa, a su vez, hizo un llamamiento a la gente de la ciudad que se dirig\u00eda a la frontera sirio-jordana para &#8220;regresar a los lugares asegurados por la gobernaci\u00f3n en lugar de esperar en la frontera&#8221;.<\/p>\n<p>&#8220;Volveremos muy pronto a nuestros hogares despu\u00e9s de limpiarlos de terrorismo&#8221;, dijo el ciudadano.<\/p>\n<p>Desde el comienzo de la operaci\u00f3n militar en la regi\u00f3n sur, las diversas instituciones de la gobernaci\u00f3n de Daraa, en cooperaci\u00f3n con asociaciones ben\u00e9ficas y locales, no escatimaron esfuerzos para brindar apoyo a los desplazados en paralelo con el proceso de reconciliaci\u00f3n local, que garantiza el regreso de la normalidad vida de los pueblos y ciudades.<\/p>\n<p>Durante los \u00faltimos d\u00edas, alrededor de 30,000 personas en la ciudad de Da&#8217;el, en la zona rural del norte de Daraa, han regresado a sus hogares en la ciudad.<\/p>\n<p>https:\/\/www.youtube.com\/watch?v=KHo2KnqITAE<\/p>\n<p>&nbsp;<\/p>\n<p><a href=\"https:\/\/www.sana.sy\/es\/?attachment_id=85075\" rel=\"attachment wp-att-85075\"><img loading=\"lazy\" decoding=\"async\" class=\"alignnone size-medium wp-image-85075\" src=\"https:\/\/www.sana.sy\/es\/wp-content\/uploads\/2018\/07\/2-2-300x200.jpg\" alt=\"\" width=\"300\" height=\"200\" srcset=\"https:\/\/archive.sana.sy\/es\/wp-content\/uploads\/2018\/07\/2-2-300x200.jpg 300w, https:\/\/archive.sana.sy\/es\/wp-content\/uploads\/2018\/07\/2-2-150x100.jpg 150w, https:\/\/archive.sana.sy\/es\/wp-content\/uploads\/2018\/07\/2-2-768x511.jpg 768w, https:\/\/archive.sana.sy\/es\/wp-content\/uploads\/2018\/07\/2-2.jpg 1024w\" sizes=\"(max-width: 300px) 100vw, 300px\" \/><\/a><\/p>\n<p>&nbsp;<\/p>\n<p><a href=\"https:\/\/www.sana.sy\/es\/?attachment_id=85076\" rel=\"attachment wp-att-85076\"><img loading=\"lazy\" decoding=\"async\" class=\"alignnone size-medium wp-image-85076\" src=\"https:\/\/www.sana.sy\/es\/wp-content\/uploads\/2018\/07\/3-2-300x200.jpg\" alt=\"\" width=\"300\" height=\"200\" srcset=\"https:\/\/archive.sana.sy\/es\/wp-content\/uploads\/2018\/07\/3-2-300x200.jpg 300w, https:\/\/archive.sana.sy\/es\/wp-content\/uploads\/2018\/07\/3-2-150x100.jpg 150w, https:\/\/archive.sana.sy\/es\/wp-content\/uploads\/2018\/07\/3-2-768x511.jpg 768w, https:\/\/archive.sana.sy\/es\/wp-content\/uploads\/2018\/07\/3-2.jpg 1024w\" sizes=\"(max-width: 300px) 100vw, 300px\" \/><\/a><\/p>\n<p>&nbsp;<\/p>\n<p><a href=\"https:\/\/www.sana.sy\/es\/?attachment_id=85077\" rel=\"attachment wp-att-85077\"><img loading=\"lazy\" decoding=\"async\" class=\"alignnone size-medium wp-image-85077\" src=\"https:\/\/www.sana.sy\/es\/wp-content\/uploads\/2018\/07\/4-1-300x200.jpg\" alt=\"\" width=\"300\" height=\"200\" srcset=\"https:\/\/archive.sana.sy\/es\/wp-content\/uploads\/2018\/07\/4-1-300x200.jpg 300w, https:\/\/archive.sana.sy\/es\/wp-content\/uploads\/2018\/07\/4-1-150x100.jpg 150w, https:\/\/archive.sana.sy\/es\/wp-content\/uploads\/2018\/07\/4-1-768x511.jpg 768w, https:\/\/archive.sana.sy\/es\/wp-content\/uploads\/2018\/07\/4-1.jpg 1024w\" sizes=\"(max-width: 300px) 100vw, 300px\" \/><\/a><\/p>\n<p>&nbsp;<\/p>\n<p><a href=\"https:\/\/www.sana.sy\/es\/?attachment_id=85078\" rel=\"attachment wp-att-85078\"><img loading=\"lazy\" decoding=\"async\" class=\"alignnone size-medium wp-image-85078\" src=\"https:\/\/www.sana.sy\/es\/wp-content\/uploads\/2018\/07\/5-1-300x200.jpg\" alt=\"\" width=\"300\" height=\"200\" srcset=\"https:\/\/archive.sana.sy\/es\/wp-content\/uploads\/2018\/07\/5-1-300x200.jpg 300w, https:\/\/archive.sana.sy\/es\/wp-content\/uploads\/2018\/07\/5-1-150x100.jpg 150w, https:\/\/archive.sana.sy\/es\/wp-content\/uploads\/2018\/07\/5-1-768x511.jpg 768w, https:\/\/archive.sana.sy\/es\/wp-content\/uploads\/2018\/07\/5-1.jpg 1024w\" sizes=\"(max-width: 300px) 100vw, 300px\" \/><\/a><\/p>\n<p>&nbsp;<\/p>\n<p><a href=\"https:\/\/www.sana.sy\/es\/?attachment_id=85079\" rel=\"attachment wp-att-85079\"><img loading=\"lazy\" decoding=\"async\" class=\"alignnone size-medium wp-image-85079\" src=\"https:\/\/www.sana.sy\/es\/wp-content\/uploads\/2018\/07\/6-1-300x200.jpg\" alt=\"\" width=\"300\" height=\"200\" srcset=\"https:\/\/archive.sana.sy\/es\/wp-content\/uploads\/2018\/07\/6-1-300x200.jpg 300w, https:\/\/archive.sana.sy\/es\/wp-content\/uploads\/2018\/07\/6-1-150x100.jpg 150w, https:\/\/archive.sana.sy\/es\/wp-content\/uploads\/2018\/07\/6-1-768x511.jpg 768w, https:\/\/archive.sana.sy\/es\/wp-content\/uploads\/2018\/07\/6-1.jpg 1024w\" sizes=\"(max-width: 300px) 100vw, 300px\" \/><\/a><\/p>\n<p>&nbsp;<\/p>\n<p><a href=\"https:\/\/www.sana.sy\/es\/?attachment_id=85080\" rel=\"attachment wp-att-85080\"><img loading=\"lazy\" decoding=\"async\" class=\"alignnone size-medium wp-image-85080\" src=\"https:\/\/www.sana.sy\/es\/wp-content\/uploads\/2018\/07\/7-300x200.jpg\" alt=\"\" width=\"300\" height=\"200\" srcset=\"https:\/\/archive.sana.sy\/es\/wp-content\/uploads\/2018\/07\/7-300x200.jpg 300w, https:\/\/archive.sana.sy\/es\/wp-content\/uploads\/2018\/07\/7-150x100.jpg 150w, https:\/\/archive.sana.sy\/es\/wp-content\/uploads\/2018\/07\/7-768x511.jpg 768w, https:\/\/archive.sana.sy\/es\/wp-content\/uploads\/2018\/07\/7.jpg 1024w\" sizes=\"(max-width: 300px) 100vw, 300px\" \/><\/a><\/p>\n<p>&nbsp;<\/p>\n<p><a href=\"https:\/\/www.sana.sy\/es\/?attachment_id=85081\" rel=\"attachment wp-att-85081\"><img loading=\"lazy\" decoding=\"async\" class=\"alignnone size-medium wp-image-85081\" src=\"https:\/\/www.sana.sy\/es\/wp-content\/uploads\/2018\/07\/8-300x200.jpg\" alt=\"\" width=\"300\" height=\"200\" srcset=\"https:\/\/archive.sana.sy\/es\/wp-content\/uploads\/2018\/07\/8-300x200.jpg 300w, https:\/\/archive.sana.sy\/es\/wp-content\/uploads\/2018\/07\/8-150x100.jpg 150w, https:\/\/archive.sana.sy\/es\/wp-content\/uploads\/2018\/07\/8-768x511.jpg 768w, https:\/\/archive.sana.sy\/es\/wp-content\/uploads\/2018\/07\/8.jpg 1024w\" sizes=\"(max-width: 300px) 100vw, 300px\" \/><\/a><\/p>\n<p>&nbsp;<\/p>\n<p><a href=\"https:\/\/www.sana.sy\/es\/?attachment_id=85082\" rel=\"attachment wp-att-85082\"><img loading=\"lazy\" decoding=\"async\" class=\"alignnone size-medium wp-image-85082\" src=\"https:\/\/www.sana.sy\/es\/wp-content\/uploads\/2018\/07\/9-300x200.jpg\" alt=\"\" width=\"300\" height=\"200\" srcset=\"https:\/\/archive.sana.sy\/es\/wp-content\/uploads\/2018\/07\/9-300x200.jpg 300w, https:\/\/archive.sana.sy\/es\/wp-content\/uploads\/2018\/07\/9-150x100.jpg 150w, https:\/\/archive.sana.sy\/es\/wp-content\/uploads\/2018\/07\/9-768x511.jpg 768w, https:\/\/archive.sana.sy\/es\/wp-content\/uploads\/2018\/07\/9.jpg 1024w\" sizes=\"(max-width: 300px) 100vw, 300px\" \/><\/a><\/p>\n<p>&nbsp;<\/p>\n<p><a href=\"https:\/\/www.sana.sy\/es\/?attachment_id=85083\" rel=\"attachment wp-att-85083\"><img loading=\"lazy\" decoding=\"async\" class=\"alignnone size-medium wp-image-85083\" src=\"https:\/\/www.sana.sy\/es\/wp-content\/uploads\/2018\/07\/10-300x169.jpg\" alt=\"\" width=\"300\" height=\"169\" srcset=\"https:\/\/archive.sana.sy\/es\/wp-content\/uploads\/2018\/07\/10-300x169.jpg 300w, https:\/\/archive.sana.sy\/es\/wp-content\/uploads\/2018\/07\/10-150x85.jpg 150w, https:\/\/archive.sana.sy\/es\/wp-content\/uploads\/2018\/07\/10-768x433.jpg 768w, https:\/\/archive.sana.sy\/es\/wp-content\/uploads\/2018\/07\/10.jpg 1024w\" sizes=\"(max-width: 300px) 100vw, 300px\" \/><\/a><\/p>\n<p>&nbsp;<\/p>\n<p><a href=\"https:\/\/www.sana.sy\/es\/?attachment_id=85084\" rel=\"attachment wp-att-85084\"><img loading=\"lazy\" decoding=\"async\" class=\"alignnone size-medium wp-image-85084\" src=\"https:\/\/www.sana.sy\/es\/wp-content\/uploads\/2018\/07\/11-2-300x169.jpg\" alt=\"\" width=\"300\" height=\"169\" srcset=\"https:\/\/archive.sana.sy\/es\/wp-content\/uploads\/2018\/07\/11-2-300x169.jpg 300w, https:\/\/archive.sana.sy\/es\/wp-content\/uploads\/2018\/07\/11-2-150x85.jpg 150w, https:\/\/archive.sana.sy\/es\/wp-content\/uploads\/2018\/07\/11-2-768x433.jpg 768w, https:\/\/archive.sana.sy\/es\/wp-content\/uploads\/2018\/07\/11-2.jpg 1024w\" sizes=\"(max-width: 300px) 100vw, 300px\" \/><\/a><\/p>\n<p>&nbsp;<\/p>\n<p><a href=\"https:\/\/www.sana.sy\/es\/?attachment_id=85085\" rel=\"attachment wp-att-85085\"><img loading=\"lazy\" decoding=\"async\" class=\"alignnone size-medium wp-image-85085\" src=\"https:\/\/www.sana.sy\/es\/wp-content\/uploads\/2018\/07\/12-300x169.jpg\" alt=\"\" width=\"300\" height=\"169\" srcset=\"https:\/\/archive.sana.sy\/es\/wp-content\/uploads\/2018\/07\/12-300x169.jpg 300w, https:\/\/archive.sana.sy\/es\/wp-content\/uploads\/2018\/07\/12-150x85.jpg 150w, https:\/\/archive.sana.sy\/es\/wp-content\/uploads\/2018\/07\/12-768x433.jpg 768w, https:\/\/archive.sana.sy\/es\/wp-content\/uploads\/2018\/07\/12.jpg 1024w\" sizes=\"(max-width: 300px) 100vw, 300px\" \/><\/a><\/p>\n<p>&nbsp;<\/p>\n<p>&nbsp;<\/p>\n<p>M\/Miri<\/p>\n<p>&nbsp;<\/p>\n<p>&nbsp;<\/p>\n<p>M\/Miri<\/p>\n","protected":false},"excerpt":{"rendered":"<p>Daraa, SANA-M\u00e1s de 453 familias residen actualmente en el improvisado centro temporal de la ciudad de Jabab en la zona rural del norte de Daraa. Las familias han sido desplazadas de la localidad de Nawa y de la aldea de al-Sheikh Saad debido a los actos criminales de terroristas que agredieron a civiles y los &hellip;<\/p>\n","protected":false},"author":1,"featured_media":85074,"comment_status":"closed","ping_status":"closed","sticky":false,"template":"","format":"standard","meta":{"footnotes":""},"categories":[477,597,476,583],"tags":[],"class_list":["post-85073","post","type-post","status-publish","format-standard","has-post-thumbnail","","category-noticias-edulcorantes","category-cinta-de-noticias","category-locales","category-slide"],"_links":{"self":[{"href":"https:\/\/archive.sana.sy\/es\/index.php?rest_route=\/wp\/v2\/posts\/85073"}],"collection":[{"href":"https:\/\/archive.sana.sy\/es\/index.php?rest_route=\/wp\/v2\/posts"}],"about":[{"href":"https:\/\/archive.sana.sy\/es\/index.php?rest_route=\/wp\/v2\/types\/post"}],"author":[{"embeddable":true,"href":"https:\/\/archive.sana.sy\/es\/index.php?rest_route=\/wp\/v2\/users\/1"}],"replies":[{"embeddable":true,"href":"https:\/\/archive.sana.sy\/es\/index.php?rest_route=%2Fwp%2Fv2%2Fcomments&post=85073"}],"version-history":[{"count":0,"href":"https:\/\/archive.sana.sy\/es\/index.php?rest_route=\/wp\/v2\/posts\/85073\/revisions"}],"wp:featuredmedia":[{"embeddable":true,"href":"https:\/\/archive.sana.sy\/es\/index.php?rest_route=\/wp\/v2\/media\/85074"}],"wp:attachment":[{"href":"https:\/\/archive.sana.sy\/es\/index.php?rest_route=%2Fwp%2Fv2%2Fmedia&parent=85073"}],"wp:term":[{"taxonomy":"category","embeddable":true,"href":"https:\/\/archive.sana.sy\/es\/index.php?rest_route=%2Fwp%2Fv2%2Fcategories&post=85073"},{"taxonomy":"post_tag","embeddable":true,"href":"https:\/\/archive.sana.sy\/es\/index.php?rest_route=%2Fwp%2Fv2%2Ftags&post=85073"}],"curies":[{"name":"wp","href":"https:\/\/api.w.org\/{rel}","templated":true}]}}