{"id":85087,"date":"2018-07-06T17:49:49","date_gmt":"2018-07-06T14:49:49","guid":{"rendered":"https:\/\/www.sana.sy\/es\/?p=85087"},"modified":"2018-07-06T17:49:49","modified_gmt":"2018-07-06T14:49:49","slug":"ministerio-de-informacion-expresa-condolencias-por-el-fallecimiento-de-omran-al-zuobi","status":"publish","type":"post","link":"https:\/\/archive.sana.sy\/es\/?p=85087","title":{"rendered":"Ministerio de Informaci\u00f3n expresa condolencias por el fallecimiento de Omran al-Zuobi"},"content":{"rendered":"<p><span style=\"color: #800000\">Damasco, SANA<\/span>&#8211; El Ministerio de Informaci\u00f3n expresa condolencias por el fallecimiento de Omran al-Zuobi, subsecretario del Frente Nacional Progresista (FNP), el ex ministro de Informaci\u00f3n que falleci\u00f3 esta ma\u00f1ana despu\u00e9s de un largo sufrimiento con la enfermedad.<\/p>\n<p>El fallecido al- Zoubi naci\u00f3 en Damasco en 1959 y es licenciado en Derecho por la Universidad de Damasco, y es un abogado y tiene varias publicaciones y estudios e investigaciones pol\u00edticas, legales y medi\u00e1ticas.<\/p>\n<p>Al- Zoubi fue nombrado Ministro de Informaci\u00f3n en 2012, y en 2016 fue nombrado subsecretario del Frente Nacional Progresista y continu\u00f3 en el cargo hasta su muerte.<\/p>\n<p>M\/Miri<\/p>\n","protected":false},"excerpt":{"rendered":"<p>Damasco, SANA&#8211; El Ministerio de Informaci\u00f3n expresa condolencias por el fallecimiento de Omran al-Zuobi, subsecretario del Frente Nacional Progresista (FNP), el ex ministro de Informaci\u00f3n que falleci\u00f3 esta ma\u00f1ana despu\u00e9s de un largo sufrimiento con la enfermedad. El fallecido al- Zoubi naci\u00f3 en Damasco en 1959 y es licenciado en Derecho por la Universidad de &hellip;<\/p>\n","protected":false},"author":1,"featured_media":85088,"comment_status":"closed","ping_status":"closed","sticky":false,"template":"","format":"standard","meta":{"footnotes":""},"categories":[477,597,476],"tags":[],"class_list":["post-85087","post","type-post","status-publish","format-standard","has-post-thumbnail","","category-noticias-edulcorantes","category-cinta-de-noticias","category-locales"],"_links":{"self":[{"href":"https:\/\/archive.sana.sy\/es\/index.php?rest_route=\/wp\/v2\/posts\/85087"}],"collection":[{"href":"https:\/\/archive.sana.sy\/es\/index.php?rest_route=\/wp\/v2\/posts"}],"about":[{"href":"https:\/\/archive.sana.sy\/es\/index.php?rest_route=\/wp\/v2\/types\/post"}],"author":[{"embeddable":true,"href":"https:\/\/archive.sana.sy\/es\/index.php?rest_route=\/wp\/v2\/users\/1"}],"replies":[{"embeddable":true,"href":"https:\/\/archive.sana.sy\/es\/index.php?rest_route=%2Fwp%2Fv2%2Fcomments&post=85087"}],"version-history":[{"count":0,"href":"https:\/\/archive.sana.sy\/es\/index.php?rest_route=\/wp\/v2\/posts\/85087\/revisions"}],"wp:featuredmedia":[{"embeddable":true,"href":"https:\/\/archive.sana.sy\/es\/index.php?rest_route=\/wp\/v2\/media\/85088"}],"wp:attachment":[{"href":"https:\/\/archive.sana.sy\/es\/index.php?rest_route=%2Fwp%2Fv2%2Fmedia&parent=85087"}],"wp:term":[{"taxonomy":"category","embeddable":true,"href":"https:\/\/archive.sana.sy\/es\/index.php?rest_route=%2Fwp%2Fv2%2Fcategories&post=85087"},{"taxonomy":"post_tag","embeddable":true,"href":"https:\/\/archive.sana.sy\/es\/index.php?rest_route=%2Fwp%2Fv2%2Ftags&post=85087"}],"curies":[{"name":"wp","href":"https:\/\/api.w.org\/{rel}","templated":true}]}}