{"id":85126,"date":"2018-07-07T15:43:32","date_gmt":"2018-07-07T12:43:32","guid":{"rendered":"https:\/\/www.sana.sy\/es\/?p=85126"},"modified":"2023-01-10T15:16:30","modified_gmt":"2023-01-10T13:16:30","slug":"el-poligono-industrial-de-al-arqub-en-alepo-vuelve-a-la-produccion-desafiando-el-terrorismo","status":"publish","type":"post","link":"https:\/\/archive.sana.sy\/es\/?p=85126","title":{"rendered":"El pol\u00edgono industrial de al Arqub en Alepo vuelve a la producci\u00f3n desafiando el terrorismo"},"content":{"rendered":"<p>&nbsp;<\/p>\n<p><span style=\"color: #800000;\">Alepo-SANA<\/span><\/p>\n<p>El pol\u00edgono industrial de al Arqub es una de las zonas industriales m\u00e1s importantes en Alepo, que se desarroll\u00f3 a lo largo de d\u00e9cadas para convertirse en una zona industrial conocida a nivel local y regional.<\/p>\n<p>La zona industrial de al Arqub fue fundada en 1937, y representa el patrimonio y el prestigio de la industria alepina en varios sectores, como la industria textil, alimentaria, qu\u00edmica, adem\u00e1s de varias artesan\u00edas y otros talleres industriales.<\/p>\n<p>El director del pol\u00edgono industrial, Taisir Derkelt, aclar\u00f3 que el n\u00famero de los establecimientos industriales antes de la guerra era 2300 establecimientos, con 18 mil obreros, pero el n\u00famero disminuy\u00f3 hasta 1200 establecimientos durante la crisis, y despu\u00e9s de restablecer la seguridad y la estabilidad en Alepo, la rueda industrial volvi\u00f3 a girar de nuevo.<\/p>\n<p>Derkelt es un propietario de una f\u00e1brica de l\u00edneas de producci\u00f3n para y envasado y embalaje de productos alimentarios, se\u00f1al\u00f3 que antes de la guerra exportaba estas m\u00e1quinas a 24 pa\u00edses \u00e1rabes y extranjeros, pero actualmente no hay posibilidad de exportaci\u00f3n por la falta de cr\u00e9ditos bancarios, y por las sanciones econ\u00f3micas asfixiantes.<\/p>\n<p>Todav\u00eda se ve la destrucci\u00f3n y el sabotaje en el pol\u00edgono por parte de los grupos terroristas, pero a pesar de ello y con una voluntad e insistencia, los industriales rehabilitaron las f\u00e1bricas y los establecimientos, lo que forma un factor de apoyo a la econom\u00eda nacional.<\/p>\n<p>La industria textil en al Arqub representaba m\u00e1s del 50% del total de las industrias, y se exportaba a varios pa\u00edses \u00e1rabes y europeos por su buena calidad y precios competitivos.<\/p>\n<p><span style=\"color: #0000ff;\">Akram. S<\/span><\/p>\n","protected":false},"excerpt":{"rendered":"<p>&nbsp; Alepo-SANA El pol\u00edgono industrial de al Arqub es una de las zonas industriales m\u00e1s importantes en Alepo, que se desarroll\u00f3 a lo largo de d\u00e9cadas para convertirse en una zona industrial conocida a nivel local y regional. La zona industrial de al Arqub fue fundada en 1937, y representa el patrimonio y el prestigio &hellip;<\/p>\n","protected":false},"author":1,"featured_media":85127,"comment_status":"closed","ping_status":"closed","sticky":false,"template":"","format":"standard","meta":{"footnotes":""},"categories":[597,485,476,7541],"tags":[],"class_list":["post-85126","post","type-post","status-publish","format-standard","has-post-thumbnail","","category-cinta-de-noticias","category-informes-negocios-y-finanzas","category-locales","category-ultimas-noticias"],"_links":{"self":[{"href":"https:\/\/archive.sana.sy\/es\/index.php?rest_route=\/wp\/v2\/posts\/85126"}],"collection":[{"href":"https:\/\/archive.sana.sy\/es\/index.php?rest_route=\/wp\/v2\/posts"}],"about":[{"href":"https:\/\/archive.sana.sy\/es\/index.php?rest_route=\/wp\/v2\/types\/post"}],"author":[{"embeddable":true,"href":"https:\/\/archive.sana.sy\/es\/index.php?rest_route=\/wp\/v2\/users\/1"}],"replies":[{"embeddable":true,"href":"https:\/\/archive.sana.sy\/es\/index.php?rest_route=%2Fwp%2Fv2%2Fcomments&post=85126"}],"version-history":[{"count":0,"href":"https:\/\/archive.sana.sy\/es\/index.php?rest_route=\/wp\/v2\/posts\/85126\/revisions"}],"wp:featuredmedia":[{"embeddable":true,"href":"https:\/\/archive.sana.sy\/es\/index.php?rest_route=\/wp\/v2\/media\/85127"}],"wp:attachment":[{"href":"https:\/\/archive.sana.sy\/es\/index.php?rest_route=%2Fwp%2Fv2%2Fmedia&parent=85126"}],"wp:term":[{"taxonomy":"category","embeddable":true,"href":"https:\/\/archive.sana.sy\/es\/index.php?rest_route=%2Fwp%2Fv2%2Fcategories&post=85126"},{"taxonomy":"post_tag","embeddable":true,"href":"https:\/\/archive.sana.sy\/es\/index.php?rest_route=%2Fwp%2Fv2%2Ftags&post=85126"}],"curies":[{"name":"wp","href":"https:\/\/api.w.org\/{rel}","templated":true}]}}