{"id":85172,"date":"2018-07-08T10:36:06","date_gmt":"2018-07-08T07:36:06","guid":{"rendered":"https:\/\/www.sana.sy\/es\/?p=85172"},"modified":"2018-07-08T10:36:06","modified_gmt":"2018-07-08T07:36:06","slug":"las-temperaturas-continuan-su-ascenso-en-general","status":"publish","type":"post","link":"https:\/\/archive.sana.sy\/es\/?p=85172","title":{"rendered":"Las temperaturas contin\u00faan su ascenso en general"},"content":{"rendered":"<p><span style=\"color: #800000;\">Damasco, SANA<\/span><\/p>\n<p>Las temperaturas tienden a subir un poco para estar por encima de sus promedios en 1-3 grados Celsius por influencia de una depresi\u00f3n atmosf\u00e9rica superficial procedente del sureste y es acompa\u00f1ada por una prolongaci\u00f3n d\u00e9bil de una alta presi\u00f3n semitropical en las altas capas de la atm\u00f3sfera.<\/p>\n<p>El Directorio General de Meteorolog\u00eda pronostica un tiempo despejado en general en donde aparecen nubes dispersas, mientras que en la zona oriental y Algecira y Badiya el tiempo ser\u00e1 c\u00e1lido y espeso.<\/p>\n<p>Los vientos soplan por el oeste y el suroeste de ligeros a moderados aunque se pondr\u00e1n activos despu\u00e9s del mediod\u00eda. El oleaje del mar es ligero a mediano.<\/p>\n<p>Las temperaturas prosiguen su ascenso para estar por encima de sus promedios en 2-4 grados Celsius.<\/p>\n<p><span style=\"color: #0000ff;\">Riad Sh.\/ Dr. A. Shaban<\/span><\/p>\n","protected":false},"excerpt":{"rendered":"<p>Damasco, SANA Las temperaturas tienden a subir un poco para estar por encima de sus promedios en 1-3 grados Celsius por influencia de una depresi\u00f3n atmosf\u00e9rica superficial procedente del sureste y es acompa\u00f1ada por una prolongaci\u00f3n d\u00e9bil de una alta presi\u00f3n semitropical en las altas capas de la atm\u00f3sfera. El Directorio General de Meteorolog\u00eda pronostica &hellip;<\/p>\n","protected":false},"author":1,"featured_media":85173,"comment_status":"closed","ping_status":"closed","sticky":false,"template":"","format":"standard","meta":{"footnotes":""},"categories":[597,476,7541],"tags":[12201],"class_list":["post-85172","post","type-post","status-publish","format-standard","has-post-thumbnail","","category-cinta-de-noticias","category-locales","category-ultimas-noticias","tag-las-temperaturas-continuan-su-ascenso-en-general"],"_links":{"self":[{"href":"https:\/\/archive.sana.sy\/es\/index.php?rest_route=\/wp\/v2\/posts\/85172"}],"collection":[{"href":"https:\/\/archive.sana.sy\/es\/index.php?rest_route=\/wp\/v2\/posts"}],"about":[{"href":"https:\/\/archive.sana.sy\/es\/index.php?rest_route=\/wp\/v2\/types\/post"}],"author":[{"embeddable":true,"href":"https:\/\/archive.sana.sy\/es\/index.php?rest_route=\/wp\/v2\/users\/1"}],"replies":[{"embeddable":true,"href":"https:\/\/archive.sana.sy\/es\/index.php?rest_route=%2Fwp%2Fv2%2Fcomments&post=85172"}],"version-history":[{"count":0,"href":"https:\/\/archive.sana.sy\/es\/index.php?rest_route=\/wp\/v2\/posts\/85172\/revisions"}],"wp:featuredmedia":[{"embeddable":true,"href":"https:\/\/archive.sana.sy\/es\/index.php?rest_route=\/wp\/v2\/media\/85173"}],"wp:attachment":[{"href":"https:\/\/archive.sana.sy\/es\/index.php?rest_route=%2Fwp%2Fv2%2Fmedia&parent=85172"}],"wp:term":[{"taxonomy":"category","embeddable":true,"href":"https:\/\/archive.sana.sy\/es\/index.php?rest_route=%2Fwp%2Fv2%2Fcategories&post=85172"},{"taxonomy":"post_tag","embeddable":true,"href":"https:\/\/archive.sana.sy\/es\/index.php?rest_route=%2Fwp%2Fv2%2Ftags&post=85172"}],"curies":[{"name":"wp","href":"https:\/\/api.w.org\/{rel}","templated":true}]}}