{"id":85179,"date":"2018-07-08T17:53:36","date_gmt":"2018-07-08T14:53:36","guid":{"rendered":"https:\/\/www.sana.sy\/es\/?p=85179"},"modified":"2018-07-08T17:53:36","modified_gmt":"2018-07-08T14:53:36","slug":"liberada-la-localidad-de-um-el-mayazen-en-daraa","status":"publish","type":"post","link":"https:\/\/archive.sana.sy\/es\/?p=85179","title":{"rendered":"Liberada la localidad de Um el-Mayazen en Daraa"},"content":{"rendered":"<p>Daraa, SANA<\/p>\n<p>Una fuente militar anunci\u00f3 que unidades del ej\u00e9rcito \u00e1rabe sirio liberaron ya la localidad de Um el-Mayazen situada a unos 10 km al este de la ciudad de Daraa.<\/p>\n<p>La fuente dijo en una declaraci\u00f3n a SANA que &#8220;unidades del ej\u00e9rcito y las fuerzas armadas en colaboraci\u00f3n con las tropas coligadas efectuaron operaciones intensivas contra conglomerados y fortificaciones de las organizaciones terroristas en el poblado de Um el-Mayazen y lograron controlar la localidad situada al norte de la localidad de Nassib cerca de la frontera con Jordania.<\/p>\n<p>La fuente detall\u00f3 que este avance vino a ra\u00edz del exterminio de numerosos armados y la destrucci\u00f3n de sus armas y pertrechos y, la confiscaci\u00f3n de cantidades de armas y municiones variadas.<\/p>\n<p>R.Sh-Y.K.<\/p>\n","protected":false},"excerpt":{"rendered":"<p>Daraa, SANA Una fuente militar anunci\u00f3 que unidades del ej\u00e9rcito \u00e1rabe sirio liberaron ya la localidad de Um el-Mayazen situada a unos 10 km al este de la ciudad de Daraa. La fuente dijo en una declaraci\u00f3n a SANA que &#8220;unidades del ej\u00e9rcito y las fuerzas armadas en colaboraci\u00f3n con las tropas coligadas efectuaron operaciones &hellip;<\/p>\n","protected":false},"author":1,"featured_media":85180,"comment_status":"closed","ping_status":"closed","sticky":false,"template":"","format":"standard","meta":{"footnotes":""},"categories":[573,583],"tags":[],"class_list":["post-85179","post","type-post","status-publish","format-standard","has-post-thumbnail","","category-la-realidad-de-los-acontecimientos-en-siria","category-slide"],"_links":{"self":[{"href":"https:\/\/archive.sana.sy\/es\/index.php?rest_route=\/wp\/v2\/posts\/85179"}],"collection":[{"href":"https:\/\/archive.sana.sy\/es\/index.php?rest_route=\/wp\/v2\/posts"}],"about":[{"href":"https:\/\/archive.sana.sy\/es\/index.php?rest_route=\/wp\/v2\/types\/post"}],"author":[{"embeddable":true,"href":"https:\/\/archive.sana.sy\/es\/index.php?rest_route=\/wp\/v2\/users\/1"}],"replies":[{"embeddable":true,"href":"https:\/\/archive.sana.sy\/es\/index.php?rest_route=%2Fwp%2Fv2%2Fcomments&post=85179"}],"version-history":[{"count":0,"href":"https:\/\/archive.sana.sy\/es\/index.php?rest_route=\/wp\/v2\/posts\/85179\/revisions"}],"wp:featuredmedia":[{"embeddable":true,"href":"https:\/\/archive.sana.sy\/es\/index.php?rest_route=\/wp\/v2\/media\/85180"}],"wp:attachment":[{"href":"https:\/\/archive.sana.sy\/es\/index.php?rest_route=%2Fwp%2Fv2%2Fmedia&parent=85179"}],"wp:term":[{"taxonomy":"category","embeddable":true,"href":"https:\/\/archive.sana.sy\/es\/index.php?rest_route=%2Fwp%2Fv2%2Fcategories&post=85179"},{"taxonomy":"post_tag","embeddable":true,"href":"https:\/\/archive.sana.sy\/es\/index.php?rest_route=%2Fwp%2Fv2%2Ftags&post=85179"}],"curies":[{"name":"wp","href":"https:\/\/api.w.org\/{rel}","templated":true}]}}