{"id":85302,"date":"2018-07-10T17:46:36","date_gmt":"2018-07-10T14:46:36","guid":{"rendered":"https:\/\/www.sana.sy\/es\/?p=85302"},"modified":"2018-07-10T17:46:36","modified_gmt":"2018-07-10T14:46:36","slug":"mueren-siete-yemenies-en-nuevos-ataques-saudies-contra-saada","status":"publish","type":"post","link":"https:\/\/archive.sana.sy\/es\/?p=85302","title":{"rendered":"Mueren siete yemen\u00edes en nuevos ataques saud\u00edes contra Saada"},"content":{"rendered":"<p><span style=\"color: #800000\">San\u00e1, SANA<\/span>&#8211; Siete yemen\u00edes murieron en incursiones y bombardeos de artiller\u00eda de la agresi\u00f3n de Arabia Saud\u00ed llevadas a cabo contra varias zonas en la provincia de Saada, en el norte de Yemen.<\/p>\n<p>De acuerdo con el sitio web de &#8220;Al Masira Net,&#8221; que cit\u00f3 a una fuente militar en Saada diciendo que: &#8220;una mujer cay\u00f3 m\u00e1rtir y su marido e hija resultaron heridos por un bombardeo saud\u00ed contra zonas residenciales de la Direcci\u00f3n fronteriza de Razih.&#8221;<\/p>\n<p>La fuente a\u00f1adi\u00f3 que un bombardeo con fuego de misiles y artiller\u00eda tuvo como blancos \u00e1reas residenciales separadas en las Direcciones de Shada y Manbeh, causando da\u00f1os materiales a la propiedad de los ciudadanos.<\/p>\n<p>Antes, la fuerza a\u00e9rea de la alianza saud\u00ed ha cometido una masacre contra los ciudadanos en de Saada, donde s\u00edes civiles perdieron la vida.<\/p>\n<p>M\/Miri<\/p>\n","protected":false},"excerpt":{"rendered":"<p>San\u00e1, SANA&#8211; Siete yemen\u00edes murieron en incursiones y bombardeos de artiller\u00eda de la agresi\u00f3n de Arabia Saud\u00ed llevadas a cabo contra varias zonas en la provincia de Saada, en el norte de Yemen. De acuerdo con el sitio web de &#8220;Al Masira Net,&#8221; que cit\u00f3 a una fuente militar en Saada diciendo que: &#8220;una mujer &hellip;<\/p>\n","protected":false},"author":1,"featured_media":85303,"comment_status":"closed","ping_status":"closed","sticky":false,"template":"","format":"standard","meta":{"footnotes":""},"categories":[597,456,457],"tags":[],"class_list":["post-85302","post","type-post","status-publish","format-standard","has-post-thumbnail","","category-cinta-de-noticias","category-arabe-internacional-politica","category-noticias-arabe-internacional-politica"],"_links":{"self":[{"href":"https:\/\/archive.sana.sy\/es\/index.php?rest_route=\/wp\/v2\/posts\/85302"}],"collection":[{"href":"https:\/\/archive.sana.sy\/es\/index.php?rest_route=\/wp\/v2\/posts"}],"about":[{"href":"https:\/\/archive.sana.sy\/es\/index.php?rest_route=\/wp\/v2\/types\/post"}],"author":[{"embeddable":true,"href":"https:\/\/archive.sana.sy\/es\/index.php?rest_route=\/wp\/v2\/users\/1"}],"replies":[{"embeddable":true,"href":"https:\/\/archive.sana.sy\/es\/index.php?rest_route=%2Fwp%2Fv2%2Fcomments&post=85302"}],"version-history":[{"count":0,"href":"https:\/\/archive.sana.sy\/es\/index.php?rest_route=\/wp\/v2\/posts\/85302\/revisions"}],"wp:featuredmedia":[{"embeddable":true,"href":"https:\/\/archive.sana.sy\/es\/index.php?rest_route=\/wp\/v2\/media\/85303"}],"wp:attachment":[{"href":"https:\/\/archive.sana.sy\/es\/index.php?rest_route=%2Fwp%2Fv2%2Fmedia&parent=85302"}],"wp:term":[{"taxonomy":"category","embeddable":true,"href":"https:\/\/archive.sana.sy\/es\/index.php?rest_route=%2Fwp%2Fv2%2Fcategories&post=85302"},{"taxonomy":"post_tag","embeddable":true,"href":"https:\/\/archive.sana.sy\/es\/index.php?rest_route=%2Fwp%2Fv2%2Ftags&post=85302"}],"curies":[{"name":"wp","href":"https:\/\/api.w.org\/{rel}","templated":true}]}}