{"id":85305,"date":"2018-07-10T17:54:11","date_gmt":"2018-07-10T14:54:11","guid":{"rendered":"https:\/\/www.sana.sy\/es\/?p=85305"},"modified":"2018-07-10T18:45:58","modified_gmt":"2018-07-10T15:45:58","slug":"un-posible-acuerdo-entre-el-estado-sirio-y-grupos-terroristas-en-en-semlin-kafr-shams-kafr-naseg-y-aqraba-enel-campo-de-daraa","status":"publish","type":"post","link":"https:\/\/archive.sana.sy\/es\/?p=85305","title":{"rendered":"Grupos terroristas entregar\u00e1n sus armas en Semlin, Kafr Shams, Kafr Naseg y Aqraba en el campo de Daraa"},"content":{"rendered":"<p><span style=\"color: #800000\">Daraa, SANA<\/span>&#8211; El corresponsal de SANA inform\u00f3 sobre un posible acuerdo entre el Estado sirio y los grupos terroristas en afincados en Semlin, Kafr Shams, Kafr Naseg y Aqraba, en el campo norte\u00f1o de Daraa, seg\u00fan dijo el reportero de guerra de la agencia SANA.<\/p>\n<p>El acuerdo prev\u00e9 la entrega de armas pesadas y medianas por parte de los grupos terroristas y la normalizaci\u00f3n del estatus jur\u00eddico de los militantes que desean y devolver las instituciones estatales a las \u00e1reas mencionadas y ayudar a devolver a los que salieron de tales \u00e1reas.<\/p>\n<p>El corresponsal de SANA, inform\u00f3 que los grupos terroristas empezaran a entregar sus armas a partir de este martes, 10 de julio.<\/p>\n<p>&nbsp;<\/p>\n<p>M\/Miri<\/p>\n","protected":false},"excerpt":{"rendered":"<p>Daraa, SANA&#8211; El corresponsal de SANA inform\u00f3 sobre un posible acuerdo entre el Estado sirio y los grupos terroristas en afincados en Semlin, Kafr Shams, Kafr Naseg y Aqraba, en el campo norte\u00f1o de Daraa, seg\u00fan dijo el reportero de guerra de la agencia SANA. El acuerdo prev\u00e9 la entrega de armas pesadas y medianas &hellip;<\/p>\n","protected":false},"author":1,"featured_media":85313,"comment_status":"closed","ping_status":"closed","sticky":false,"template":"","format":"standard","meta":{"footnotes":""},"categories":[597,7541],"tags":[],"class_list":["post-85305","post","type-post","status-publish","format-standard","has-post-thumbnail","","category-cinta-de-noticias","category-ultimas-noticias"],"_links":{"self":[{"href":"https:\/\/archive.sana.sy\/es\/index.php?rest_route=\/wp\/v2\/posts\/85305"}],"collection":[{"href":"https:\/\/archive.sana.sy\/es\/index.php?rest_route=\/wp\/v2\/posts"}],"about":[{"href":"https:\/\/archive.sana.sy\/es\/index.php?rest_route=\/wp\/v2\/types\/post"}],"author":[{"embeddable":true,"href":"https:\/\/archive.sana.sy\/es\/index.php?rest_route=\/wp\/v2\/users\/1"}],"replies":[{"embeddable":true,"href":"https:\/\/archive.sana.sy\/es\/index.php?rest_route=%2Fwp%2Fv2%2Fcomments&post=85305"}],"version-history":[{"count":0,"href":"https:\/\/archive.sana.sy\/es\/index.php?rest_route=\/wp\/v2\/posts\/85305\/revisions"}],"wp:featuredmedia":[{"embeddable":true,"href":"https:\/\/archive.sana.sy\/es\/index.php?rest_route=\/wp\/v2\/media\/85313"}],"wp:attachment":[{"href":"https:\/\/archive.sana.sy\/es\/index.php?rest_route=%2Fwp%2Fv2%2Fmedia&parent=85305"}],"wp:term":[{"taxonomy":"category","embeddable":true,"href":"https:\/\/archive.sana.sy\/es\/index.php?rest_route=%2Fwp%2Fv2%2Fcategories&post=85305"},{"taxonomy":"post_tag","embeddable":true,"href":"https:\/\/archive.sana.sy\/es\/index.php?rest_route=%2Fwp%2Fv2%2Ftags&post=85305"}],"curies":[{"name":"wp","href":"https:\/\/api.w.org\/{rel}","templated":true}]}}