{"id":85319,"date":"2018-07-10T19:00:42","date_gmt":"2018-07-10T16:00:42","guid":{"rendered":"https:\/\/www.sana.sy\/es\/?p=85319"},"modified":"2018-07-11T08:51:20","modified_gmt":"2018-07-11T05:51:20","slug":"ejercito-sirio-libera-la-zona-de-gharez-en-el-campo-sureste-de-daraa","status":"publish","type":"post","link":"https:\/\/archive.sana.sy\/es\/?p=85319","title":{"rendered":"Ej\u00e9rcito sirio libera la zona de Gharez en el campo sureste de Daraa"},"content":{"rendered":"<p><span style=\"color: #800000;\">Daraa, SANA<\/span>&#8211; Las unidades del Ej\u00e9rcito sirio liberaron este martes la zona de GHarez por completo, ubicada al sudeste de la ciudad de Daraa, despu\u00e9s de la eliminaci\u00f3n de los \u00faltimos grupos terroristas en ella.<\/p>\n<p>El corresponsal de guerra de la agencia SANA en Daraa, dijo que las unidades del ej\u00e9rcito y durante sus operaciones militares llevadas a cabo para poner fin a la presencia terrorista en Daraa, han logrado este martes la liberaci\u00f3n los silos de granos y la prisi\u00f3n central en el \u00e1rea de GHarez y tomaron el control total del \u00e1rea despu\u00e9s de fuertes combates con grupos terroristas, donde muchos de ellos cayeron muertos y heridos,<\/p>\n<p>De acuerdo a la fuente, las unidades de ingenier\u00eda militar inmediatamente comenzaron a peinar el \u00e1rea de los restos de los terroristas, donde encontraron varias armas, incluyendo un tanque, cohetes-T de fabricaci\u00f3n estadounidense, morteros, misiles, proyectiles de tanques, dispositivos de comunicaci\u00f3n y aparatos de visi\u00f3n nocturna.<\/p>\n<p>M\/Miri<\/p>\n","protected":false},"excerpt":{"rendered":"<p>Daraa, SANA&#8211; Las unidades del Ej\u00e9rcito sirio liberaron este martes la zona de GHarez por completo, ubicada al sudeste de la ciudad de Daraa, despu\u00e9s de la eliminaci\u00f3n de los \u00faltimos grupos terroristas en ella. El corresponsal de guerra de la agencia SANA en Daraa, dijo que las unidades del ej\u00e9rcito y durante sus operaciones &hellip;<\/p>\n","protected":false},"author":1,"featured_media":85322,"comment_status":"closed","ping_status":"closed","sticky":false,"template":"","format":"standard","meta":{"footnotes":""},"categories":[597,573,7541],"tags":[],"class_list":["post-85319","post","type-post","status-publish","format-standard","has-post-thumbnail","","category-cinta-de-noticias","category-la-realidad-de-los-acontecimientos-en-siria","category-ultimas-noticias"],"_links":{"self":[{"href":"https:\/\/archive.sana.sy\/es\/index.php?rest_route=\/wp\/v2\/posts\/85319"}],"collection":[{"href":"https:\/\/archive.sana.sy\/es\/index.php?rest_route=\/wp\/v2\/posts"}],"about":[{"href":"https:\/\/archive.sana.sy\/es\/index.php?rest_route=\/wp\/v2\/types\/post"}],"author":[{"embeddable":true,"href":"https:\/\/archive.sana.sy\/es\/index.php?rest_route=\/wp\/v2\/users\/1"}],"replies":[{"embeddable":true,"href":"https:\/\/archive.sana.sy\/es\/index.php?rest_route=%2Fwp%2Fv2%2Fcomments&post=85319"}],"version-history":[{"count":0,"href":"https:\/\/archive.sana.sy\/es\/index.php?rest_route=\/wp\/v2\/posts\/85319\/revisions"}],"wp:featuredmedia":[{"embeddable":true,"href":"https:\/\/archive.sana.sy\/es\/index.php?rest_route=\/wp\/v2\/media\/85322"}],"wp:attachment":[{"href":"https:\/\/archive.sana.sy\/es\/index.php?rest_route=%2Fwp%2Fv2%2Fmedia&parent=85319"}],"wp:term":[{"taxonomy":"category","embeddable":true,"href":"https:\/\/archive.sana.sy\/es\/index.php?rest_route=%2Fwp%2Fv2%2Fcategories&post=85319"},{"taxonomy":"post_tag","embeddable":true,"href":"https:\/\/archive.sana.sy\/es\/index.php?rest_route=%2Fwp%2Fv2%2Ftags&post=85319"}],"curies":[{"name":"wp","href":"https:\/\/api.w.org\/{rel}","templated":true}]}}