{"id":85499,"date":"2018-07-14T13:02:35","date_gmt":"2018-07-14T10:02:35","guid":{"rendered":"http:\/\/www.sana.sy\/es\/?p=85499"},"modified":"2018-07-14T17:47:41","modified_gmt":"2018-07-14T14:47:41","slug":"quitan-las-barricadas-en-la-carretera-desde-la-antigua-aduana-en-deraa-al-balad-hasta-la-frontera-con-jordania","status":"publish","type":"post","link":"https:\/\/archive.sana.sy\/es\/?p=85499","title":{"rendered":"El Ej\u00e9rcito quita las barricadas de la carretera que va desde Deraa al Balad hasta la frontera con Jordania"},"content":{"rendered":"<p>&nbsp;<\/p>\n<p><span style=\"color: #800000;\">Deraa-SANA<\/span><\/p>\n<p>Una unidad del Ej\u00e9rcito llev\u00f3 a cabo el trabajo de quitar las barricadas levantadas por los grupos terroristas en la carretera, desde Deraa al Balad hasta la frontera con Jordania, seg\u00fan inform\u00f3 el corresponsal de SANA.<\/p>\n<p>Una fuente militar inform\u00f3 que una unidad del Ej\u00e9rcito quit\u00f3 las barricadas, levantadas por los grupos terroristas en la carretera que llega desde Deraa al Balad hasta el cruce de la antigua Aduana, que est\u00e1 a 1,5 km del cruce de al Ramtha en la frontera con Jordania.<\/p>\n<p>La fuente se\u00f1al\u00f3 que los zapadores del Ej\u00e9rcito realizaron operaciones de rastreo en los arcenes de la carretera, y limpiaron la zona de las minas y artefactos explosivos sembrados por los terroristas cuando estaban desplegados en la zona desde 2013.<\/p>\n<p>El cruce de la antigua Aduana, que est\u00e1 frente al cruce jordano de al Ramtha, se considera la segunda arteria principal y un portal\u00f3n econ\u00f3mico importante para el pa\u00eds, despu\u00e9s del cruce de Nassib.<\/p>\n<p>Anteayer, una unidad del Ej\u00e9rcito entr\u00f3 en Deraa al Balad e iz\u00f3 la bandera nacional en la plaza central frente al edificio de los Correos, declarando as\u00ed la ciudad de Deraa libre del terrorismo.<\/p>\n<p>&nbsp;<\/p>\n<p><span style=\"color: #0000ff;\">Akram. S<\/span><\/p>\n","protected":false},"excerpt":{"rendered":"<p>&nbsp; Deraa-SANA Una unidad del Ej\u00e9rcito llev\u00f3 a cabo el trabajo de quitar las barricadas levantadas por los grupos terroristas en la carretera, desde Deraa al Balad hasta la frontera con Jordania, seg\u00fan inform\u00f3 el corresponsal de SANA. Una fuente militar inform\u00f3 que una unidad del Ej\u00e9rcito quit\u00f3 las barricadas, levantadas por los grupos terroristas &hellip;<\/p>\n","protected":false},"author":1,"featured_media":85500,"comment_status":"closed","ping_status":"closed","sticky":false,"template":"","format":"standard","meta":{"footnotes":""},"categories":[597,573,476,583,7541],"tags":[],"class_list":["post-85499","post","type-post","status-publish","format-standard","has-post-thumbnail","","category-cinta-de-noticias","category-la-realidad-de-los-acontecimientos-en-siria","category-locales","category-slide","category-ultimas-noticias"],"_links":{"self":[{"href":"https:\/\/archive.sana.sy\/es\/index.php?rest_route=\/wp\/v2\/posts\/85499"}],"collection":[{"href":"https:\/\/archive.sana.sy\/es\/index.php?rest_route=\/wp\/v2\/posts"}],"about":[{"href":"https:\/\/archive.sana.sy\/es\/index.php?rest_route=\/wp\/v2\/types\/post"}],"author":[{"embeddable":true,"href":"https:\/\/archive.sana.sy\/es\/index.php?rest_route=\/wp\/v2\/users\/1"}],"replies":[{"embeddable":true,"href":"https:\/\/archive.sana.sy\/es\/index.php?rest_route=%2Fwp%2Fv2%2Fcomments&post=85499"}],"version-history":[{"count":0,"href":"https:\/\/archive.sana.sy\/es\/index.php?rest_route=\/wp\/v2\/posts\/85499\/revisions"}],"wp:featuredmedia":[{"embeddable":true,"href":"https:\/\/archive.sana.sy\/es\/index.php?rest_route=\/wp\/v2\/media\/85500"}],"wp:attachment":[{"href":"https:\/\/archive.sana.sy\/es\/index.php?rest_route=%2Fwp%2Fv2%2Fmedia&parent=85499"}],"wp:term":[{"taxonomy":"category","embeddable":true,"href":"https:\/\/archive.sana.sy\/es\/index.php?rest_route=%2Fwp%2Fv2%2Fcategories&post=85499"},{"taxonomy":"post_tag","embeddable":true,"href":"https:\/\/archive.sana.sy\/es\/index.php?rest_route=%2Fwp%2Fv2%2Ftags&post=85499"}],"curies":[{"name":"wp","href":"https:\/\/api.w.org\/{rel}","templated":true}]}}