{"id":85561,"date":"2018-07-15T15:42:22","date_gmt":"2018-07-15T12:42:22","guid":{"rendered":"http:\/\/www.sana.sy\/es\/?p=85561"},"modified":"2018-07-15T15:42:22","modified_gmt":"2018-07-15T12:42:22","slug":"se-comienza-a-sacar-a-los-terroristas-renuentes-al-arreglo-junto-a-sus-familias-de-daraa-al-balad-hacia-el-norte-de-siria","status":"publish","type":"post","link":"https:\/\/archive.sana.sy\/es\/?p=85561","title":{"rendered":"Se comienza a sacar a los terroristas renuentes al arreglo junto a sus familias de Daraa al-Balad hacia el norte de Siria"},"content":{"rendered":"<p>Daraa, SANA<\/p>\n<p>Ha comenzado hoy la operaci\u00f3n de sacar a los armados y sus familias renuentes al acuerdo que estipula evacuar el distrito de Daraa al-Balad de todos los fen\u00f3menos armados y el retorno de las instituciones del Estado all\u00ed.<\/p>\n<p>El reportero de guerra de SANA inform\u00f3 desde las afueras de Daraa al-Balad dijo que han sido preparados varios autobuses que llevan decenas de armados no deseosos del arreglo quienes ser\u00e1n llevados junto con sus familias hacia el norte de Siria.<\/p>\n<p>Es de se\u00f1alar que el pasado mi\u00e9rcoles fue alcanzado un acuerdo que estipula la entrega del armamento pesado y mediano al ej\u00e9rcito \u00e1rabe sirio por parte de las agrupaciones armadas en varios distritos de la ciudad de Daraa, adem\u00e1s ser\u00e1 arreglado el estatus jur\u00eddico de los armados que desean el arreglo, en cambio saldr\u00e1n los terroristas renuentes al acuerdo.<\/p>\n<p>Cabe destacar que las agrupaciones armadas en Daraa al-Balad comenzaron ayer a entregar sus armas pesadas, entre ellas un tanque y veh\u00edculos blindados adem\u00e1s de aparatos de visi\u00f3n nocturna.<\/p>\n<div id='gallery-1' class='gallery galleryid-85561 gallery-columns-3 gallery-size-thumbnail'><figure class='gallery-item'>\n\t\t\t<div class='gallery-icon landscape'>\n\t\t\t\t<a href='https:\/\/archive.sana.sy\/es\/wp-content\/uploads\/2018\/07\/photo_2018-07-15_13-30-38.jpg'><img loading=\"lazy\" decoding=\"async\" width=\"150\" height=\"100\" src=\"https:\/\/archive.sana.sy\/es\/wp-content\/uploads\/2018\/07\/photo_2018-07-15_13-30-38-150x100.jpg\" class=\"attachment-thumbnail size-thumbnail\" alt=\"\" srcset=\"https:\/\/archive.sana.sy\/es\/wp-content\/uploads\/2018\/07\/photo_2018-07-15_13-30-38-150x100.jpg 150w, https:\/\/archive.sana.sy\/es\/wp-content\/uploads\/2018\/07\/photo_2018-07-15_13-30-38-300x200.jpg 300w, https:\/\/archive.sana.sy\/es\/wp-content\/uploads\/2018\/07\/photo_2018-07-15_13-30-38-768x511.jpg 768w, https:\/\/archive.sana.sy\/es\/wp-content\/uploads\/2018\/07\/photo_2018-07-15_13-30-38-1024x681.jpg 1024w, https:\/\/archive.sana.sy\/es\/wp-content\/uploads\/2018\/07\/photo_2018-07-15_13-30-38-310x205.jpg 310w, https:\/\/archive.sana.sy\/es\/wp-content\/uploads\/2018\/07\/photo_2018-07-15_13-30-38.jpg 1200w\" sizes=\"(max-width: 150px) 100vw, 150px\" \/><\/a>\n\t\t\t<\/div><\/figure><figure class='gallery-item'>\n\t\t\t<div class='gallery-icon landscape'>\n\t\t\t\t<a href='https:\/\/archive.sana.sy\/es\/wp-content\/uploads\/2018\/07\/photo_2018-07-15_13-22-13.jpg'><img loading=\"lazy\" decoding=\"async\" width=\"150\" height=\"100\" src=\"https:\/\/archive.sana.sy\/es\/wp-content\/uploads\/2018\/07\/photo_2018-07-15_13-22-13-150x100.jpg\" class=\"attachment-thumbnail size-thumbnail\" alt=\"\" srcset=\"https:\/\/archive.sana.sy\/es\/wp-content\/uploads\/2018\/07\/photo_2018-07-15_13-22-13-150x100.jpg 150w, https:\/\/archive.sana.sy\/es\/wp-content\/uploads\/2018\/07\/photo_2018-07-15_13-22-13-300x200.jpg 300w, https:\/\/archive.sana.sy\/es\/wp-content\/uploads\/2018\/07\/photo_2018-07-15_13-22-13-768x511.jpg 768w, https:\/\/archive.sana.sy\/es\/wp-content\/uploads\/2018\/07\/photo_2018-07-15_13-22-13-1024x681.jpg 1024w, https:\/\/archive.sana.sy\/es\/wp-content\/uploads\/2018\/07\/photo_2018-07-15_13-22-13-310x205.jpg 310w, https:\/\/archive.sana.sy\/es\/wp-content\/uploads\/2018\/07\/photo_2018-07-15_13-22-13.jpg 1200w\" sizes=\"(max-width: 150px) 100vw, 150px\" \/><\/a>\n\t\t\t<\/div><\/figure><figure class='gallery-item'>\n\t\t\t<div class='gallery-icon landscape'>\n\t\t\t\t<a href='https:\/\/archive.sana.sy\/es\/wp-content\/uploads\/2018\/07\/photo_2018-07-15_13-24-40.jpg'><img loading=\"lazy\" decoding=\"async\" width=\"150\" height=\"105\" src=\"https:\/\/archive.sana.sy\/es\/wp-content\/uploads\/2018\/07\/photo_2018-07-15_13-24-40-150x105.jpg\" class=\"attachment-thumbnail size-thumbnail\" alt=\"\" srcset=\"https:\/\/archive.sana.sy\/es\/wp-content\/uploads\/2018\/07\/photo_2018-07-15_13-24-40-150x105.jpg 150w, https:\/\/archive.sana.sy\/es\/wp-content\/uploads\/2018\/07\/photo_2018-07-15_13-24-40-300x210.jpg 300w, https:\/\/archive.sana.sy\/es\/wp-content\/uploads\/2018\/07\/photo_2018-07-15_13-24-40-768x537.jpg 768w, https:\/\/archive.sana.sy\/es\/wp-content\/uploads\/2018\/07\/photo_2018-07-15_13-24-40-1024x716.jpg 1024w, https:\/\/archive.sana.sy\/es\/wp-content\/uploads\/2018\/07\/photo_2018-07-15_13-24-40.jpg 1200w\" sizes=\"(max-width: 150px) 100vw, 150px\" \/><\/a>\n\t\t\t<\/div><\/figure><figure class='gallery-item'>\n\t\t\t<div class='gallery-icon landscape'>\n\t\t\t\t<a href='https:\/\/archive.sana.sy\/es\/wp-content\/uploads\/2018\/07\/photo_2018-07-15_13-30-05.jpg'><img loading=\"lazy\" decoding=\"async\" width=\"150\" height=\"108\" src=\"https:\/\/archive.sana.sy\/es\/wp-content\/uploads\/2018\/07\/photo_2018-07-15_13-30-05-150x108.jpg\" class=\"attachment-thumbnail size-thumbnail\" alt=\"\" srcset=\"https:\/\/archive.sana.sy\/es\/wp-content\/uploads\/2018\/07\/photo_2018-07-15_13-30-05-150x108.jpg 150w, https:\/\/archive.sana.sy\/es\/wp-content\/uploads\/2018\/07\/photo_2018-07-15_13-30-05-300x217.jpg 300w, https:\/\/archive.sana.sy\/es\/wp-content\/uploads\/2018\/07\/photo_2018-07-15_13-30-05-768x554.jpg 768w, https:\/\/archive.sana.sy\/es\/wp-content\/uploads\/2018\/07\/photo_2018-07-15_13-30-05-1024x739.jpg 1024w, https:\/\/archive.sana.sy\/es\/wp-content\/uploads\/2018\/07\/photo_2018-07-15_13-30-05.jpg 1200w\" sizes=\"(max-width: 150px) 100vw, 150px\" \/><\/a>\n\t\t\t<\/div><\/figure><figure class='gallery-item'>\n\t\t\t<div class='gallery-icon landscape'>\n\t\t\t\t<a href='https:\/\/archive.sana.sy\/es\/wp-content\/uploads\/2018\/07\/photo_2018-07-15_13-30-49.jpg'><img loading=\"lazy\" decoding=\"async\" width=\"150\" height=\"100\" src=\"https:\/\/archive.sana.sy\/es\/wp-content\/uploads\/2018\/07\/photo_2018-07-15_13-30-49-150x100.jpg\" class=\"attachment-thumbnail size-thumbnail\" alt=\"\" srcset=\"https:\/\/archive.sana.sy\/es\/wp-content\/uploads\/2018\/07\/photo_2018-07-15_13-30-49-150x100.jpg 150w, https:\/\/archive.sana.sy\/es\/wp-content\/uploads\/2018\/07\/photo_2018-07-15_13-30-49-300x200.jpg 300w, https:\/\/archive.sana.sy\/es\/wp-content\/uploads\/2018\/07\/photo_2018-07-15_13-30-49-768x511.jpg 768w, https:\/\/archive.sana.sy\/es\/wp-content\/uploads\/2018\/07\/photo_2018-07-15_13-30-49-1024x681.jpg 1024w, https:\/\/archive.sana.sy\/es\/wp-content\/uploads\/2018\/07\/photo_2018-07-15_13-30-49-310x205.jpg 310w, https:\/\/archive.sana.sy\/es\/wp-content\/uploads\/2018\/07\/photo_2018-07-15_13-30-49.jpg 1200w\" sizes=\"(max-width: 150px) 100vw, 150px\" \/><\/a>\n\t\t\t<\/div><\/figure><figure class='gallery-item'>\n\t\t\t<div class='gallery-icon landscape'>\n\t\t\t\t<a href='https:\/\/archive.sana.sy\/es\/wp-content\/uploads\/2018\/07\/photo_2018-07-15_13-32-18.jpg'><img loading=\"lazy\" decoding=\"async\" width=\"150\" height=\"85\" src=\"https:\/\/archive.sana.sy\/es\/wp-content\/uploads\/2018\/07\/photo_2018-07-15_13-32-18-150x85.jpg\" class=\"attachment-thumbnail size-thumbnail\" alt=\"\" srcset=\"https:\/\/archive.sana.sy\/es\/wp-content\/uploads\/2018\/07\/photo_2018-07-15_13-32-18-150x85.jpg 150w, https:\/\/archive.sana.sy\/es\/wp-content\/uploads\/2018\/07\/photo_2018-07-15_13-32-18-300x169.jpg 300w, https:\/\/archive.sana.sy\/es\/wp-content\/uploads\/2018\/07\/photo_2018-07-15_13-32-18-768x433.jpg 768w, https:\/\/archive.sana.sy\/es\/wp-content\/uploads\/2018\/07\/photo_2018-07-15_13-32-18-1024x577.jpg 1024w, https:\/\/archive.sana.sy\/es\/wp-content\/uploads\/2018\/07\/photo_2018-07-15_13-32-18.jpg 1200w\" sizes=\"(max-width: 150px) 100vw, 150px\" \/><\/a>\n\t\t\t<\/div><\/figure>\n\t\t<\/div>\n\n<p>Riyad Sh., Lynn A.<\/p>\n","protected":false},"excerpt":{"rendered":"<p>Daraa, SANA Ha comenzado hoy la operaci\u00f3n de sacar a los armados y sus familias renuentes al acuerdo que estipula evacuar el distrito de Daraa al-Balad de todos los fen\u00f3menos armados y el retorno de las instituciones del Estado all\u00ed. El reportero de guerra de SANA inform\u00f3 desde las afueras de Daraa al-Balad dijo que &hellip;<\/p>\n","protected":false},"author":24,"featured_media":85564,"comment_status":"closed","ping_status":"closed","sticky":false,"template":"","format":"standard","meta":{"footnotes":""},"categories":[597,573,7541],"tags":[],"class_list":["post-85561","post","type-post","status-publish","format-standard","has-post-thumbnail","","category-cinta-de-noticias","category-la-realidad-de-los-acontecimientos-en-siria","category-ultimas-noticias"],"_links":{"self":[{"href":"https:\/\/archive.sana.sy\/es\/index.php?rest_route=\/wp\/v2\/posts\/85561"}],"collection":[{"href":"https:\/\/archive.sana.sy\/es\/index.php?rest_route=\/wp\/v2\/posts"}],"about":[{"href":"https:\/\/archive.sana.sy\/es\/index.php?rest_route=\/wp\/v2\/types\/post"}],"author":[{"embeddable":true,"href":"https:\/\/archive.sana.sy\/es\/index.php?rest_route=\/wp\/v2\/users\/24"}],"replies":[{"embeddable":true,"href":"https:\/\/archive.sana.sy\/es\/index.php?rest_route=%2Fwp%2Fv2%2Fcomments&post=85561"}],"version-history":[{"count":0,"href":"https:\/\/archive.sana.sy\/es\/index.php?rest_route=\/wp\/v2\/posts\/85561\/revisions"}],"wp:featuredmedia":[{"embeddable":true,"href":"https:\/\/archive.sana.sy\/es\/index.php?rest_route=\/wp\/v2\/media\/85564"}],"wp:attachment":[{"href":"https:\/\/archive.sana.sy\/es\/index.php?rest_route=%2Fwp%2Fv2%2Fmedia&parent=85561"}],"wp:term":[{"taxonomy":"category","embeddable":true,"href":"https:\/\/archive.sana.sy\/es\/index.php?rest_route=%2Fwp%2Fv2%2Fcategories&post=85561"},{"taxonomy":"post_tag","embeddable":true,"href":"https:\/\/archive.sana.sy\/es\/index.php?rest_route=%2Fwp%2Fv2%2Ftags&post=85561"}],"curies":[{"name":"wp","href":"https:\/\/api.w.org\/{rel}","templated":true}]}}