{"id":85572,"date":"2018-07-15T15:56:55","date_gmt":"2018-07-15T12:56:55","guid":{"rendered":"http:\/\/www.sana.sy\/es\/?p=85572"},"modified":"2018-07-15T16:01:30","modified_gmt":"2018-07-15T13:01:30","slug":"liberados-cinco-secuestrados-por-los-terroristas-en-el-marco-del-acuerdo-de-deraa-al-balad","status":"publish","type":"post","link":"https:\/\/archive.sana.sy\/es\/?p=85572","title":{"rendered":"Liberados cinco secuestrados por los terroristas en el marco del acuerdo de Deraa al Balad"},"content":{"rendered":"<p>Deraa, SANA<\/p>\n<p>Cinco secuestrados por los grupos terroristas han sido liberados este domingo en el marco del acuerdo alcanzado para evacuar la totalidad del barrio de Deraa al Balad de los armados, seg\u00fan inform\u00f3 el reportero de SANA.<\/p>\n<p>Precis\u00f3 que los liberados son: Mohannad Abdullah al Khalif Shihada, Mazen Assayed Omar, Khaled al Khalif Fares, Isa Yacoub Ahmad, Yussef Ahmad Sami.<\/p>\n<p>Agreg\u00f3 que las cinco personas fueron trasladadas al hospital para averiguar su estado de salud y luego ser\u00e1n trasportadas donde sus familias.<\/p>\n<p>Es de recordar que ayer el acuerdo de Deraa al Balad entr\u00f3 en vigor, el cual estipula la entrega de armas pesadas y medianas por parte de los terroristas las autoridades sirias, los terroristas que se niegan al acuerdo ser\u00e1n evacuados junto con sus familias hacia el norte de Siria, y las autoridades proceder\u00e1n a normalizar el estatus jur\u00eddico de los armados.<\/p>\n<p>Lynn A.<\/p>\n","protected":false},"excerpt":{"rendered":"<p>Deraa, SANA Cinco secuestrados por los grupos terroristas han sido liberados este domingo en el marco del acuerdo alcanzado para evacuar la totalidad del barrio de Deraa al Balad de los armados, seg\u00fan inform\u00f3 el reportero de SANA. Precis\u00f3 que los liberados son: Mohannad Abdullah al Khalif Shihada, Mazen Assayed Omar, Khaled al Khalif Fares, &hellip;<\/p>\n","protected":false},"author":24,"featured_media":85573,"comment_status":"closed","ping_status":"closed","sticky":false,"template":"","format":"standard","meta":{"footnotes":""},"categories":[597,573,7541],"tags":[],"class_list":["post-85572","post","type-post","status-publish","format-standard","has-post-thumbnail","","category-cinta-de-noticias","category-la-realidad-de-los-acontecimientos-en-siria","category-ultimas-noticias"],"_links":{"self":[{"href":"https:\/\/archive.sana.sy\/es\/index.php?rest_route=\/wp\/v2\/posts\/85572"}],"collection":[{"href":"https:\/\/archive.sana.sy\/es\/index.php?rest_route=\/wp\/v2\/posts"}],"about":[{"href":"https:\/\/archive.sana.sy\/es\/index.php?rest_route=\/wp\/v2\/types\/post"}],"author":[{"embeddable":true,"href":"https:\/\/archive.sana.sy\/es\/index.php?rest_route=\/wp\/v2\/users\/24"}],"replies":[{"embeddable":true,"href":"https:\/\/archive.sana.sy\/es\/index.php?rest_route=%2Fwp%2Fv2%2Fcomments&post=85572"}],"version-history":[{"count":0,"href":"https:\/\/archive.sana.sy\/es\/index.php?rest_route=\/wp\/v2\/posts\/85572\/revisions"}],"wp:featuredmedia":[{"embeddable":true,"href":"https:\/\/archive.sana.sy\/es\/index.php?rest_route=\/wp\/v2\/media\/85573"}],"wp:attachment":[{"href":"https:\/\/archive.sana.sy\/es\/index.php?rest_route=%2Fwp%2Fv2%2Fmedia&parent=85572"}],"wp:term":[{"taxonomy":"category","embeddable":true,"href":"https:\/\/archive.sana.sy\/es\/index.php?rest_route=%2Fwp%2Fv2%2Fcategories&post=85572"},{"taxonomy":"post_tag","embeddable":true,"href":"https:\/\/archive.sana.sy\/es\/index.php?rest_route=%2Fwp%2Fv2%2Ftags&post=85572"}],"curies":[{"name":"wp","href":"https:\/\/api.w.org\/{rel}","templated":true}]}}