{"id":85589,"date":"2018-07-16T12:50:31","date_gmt":"2018-07-16T09:50:31","guid":{"rendered":"http:\/\/www.sana.sy\/es\/?p=85589"},"modified":"2018-07-16T13:22:36","modified_gmt":"2018-07-16T10:22:36","slug":"washington-y-sus-aliados-discuten-planes-secretos-para-sacar-a-los-terroristas-de-los-%c2%a8cascos-blancos%c2%a8-de-siria","status":"publish","type":"post","link":"https:\/\/archive.sana.sy\/es\/?p=85589","title":{"rendered":"Washington y sus aliados discuten planes secretos para sacar a los terroristas de los \u00a8Cascos Blancos\u00a8 de Siria"},"content":{"rendered":"<p><span style=\"color: #800000;\">Washington-SANA<\/span><\/p>\n<p>Diplom\u00e1ticos y funcionarios estadounidenses indicaron que EEUU, Canad\u00e1 y pa\u00edses europeos entre ellos Gran Breta\u00f1a y Francia discutieron planes secretos para evacuar a la organizaci\u00f3n de \u201clos Cascos Blancos\u201d, relacionada con las organizaciones terroristas en Siria, especialmente el Frente al-Nusra tras el papel enga\u00f1oso que han jugado en cambiar las realidades.<\/p>\n<p>\u201cLos Cascos Blancos\u201d se hab\u00eda establecido en el a\u00f1o 2013 en Turqu\u00eda con financiamiento brit\u00e1nico-estadunidense y occidental, donde su trabajo en los lugares de las organizaciones terroristas estaba plagado de dudas sobre su presunto trabajo humanitario, especialmente que sus miembros pertenecen a esas organizaciones.<\/p>\n<p>La cadena estadunidense de noticias CNN citando a una fuente diplom\u00e1tica y otros funcionarios de la administraci\u00f3n estadunidense dijo que \u201cel destino de casi un mil de los miembros de ese grupo y sus familias ya est\u00e1n bajo las discusiones de Washington, Ottawa, Par\u00eds, Londres y otras capitales&#8230; y entre los sugerencias presentadas es rehabilitarlos en Canad\u00e1 y Gran Breta\u00f1a.<\/p>\n<p>La canciller\u00eda siria en una declaraci\u00f3n el mes pasado conden\u00f3 lo anunciado por el Departamento de Estado sobre el acuerdo de Trump a destinar unos 6, 6 millones de d\u00f3lares estadounidenses para esa organizaci\u00f3n y dijo que \u201cSiria considera que esa decisi\u00f3n estadounidense muestra claramente el financiamiento claro al terrorismo y revela el apoyo ofrecido por EEUU, Francia, Breta\u00f1a y otros pa\u00edses al terrorismo multiforme que ha presenciado Siria desde el a\u00f1o 2011.<\/p>\n<p>Cabe destacar que numerosos documentos encontrados por el ej\u00e9rcito \u00e1rabe sirio en las zonas liberadas del terrorismo donde trabajaban \u201clos Cascos Blancos\u201d, revelan su relaci\u00f3n fuerte con las organizaciones terroristas y su apoyo a las mismas, especialmente el Frente al-Nusra en preparar y promocionar el uso de las armas qu\u00edmicas contra los civiles, y eso fue lo que pas\u00f3 en la Ghouta Oriental en Damasco-Campo varias veces y en zonas de Alepo para acusar al ej\u00e9rcito \u00e1rabe sirio.<\/p>\n<p><span style=\"color: #0000ff;\">Dr. A. Shaban<\/span><\/p>\n","protected":false},"excerpt":{"rendered":"<p>Washington-SANA Diplom\u00e1ticos y funcionarios estadounidenses indicaron que EEUU, Canad\u00e1 y pa\u00edses europeos entre ellos Gran Breta\u00f1a y Francia discutieron planes secretos para evacuar a la organizaci\u00f3n de \u201clos Cascos Blancos\u201d, relacionada con las organizaciones terroristas en Siria, especialmente el Frente al-Nusra tras el papel enga\u00f1oso que han jugado en cambiar las realidades. \u201cLos Cascos Blancos\u201d &hellip;<\/p>\n","protected":false},"author":1,"featured_media":85590,"comment_status":"closed","ping_status":"closed","sticky":false,"template":"","format":"standard","meta":{"footnotes":""},"categories":[597,573,467,7541],"tags":[12238],"class_list":["post-85589","post","type-post","status-publish","format-standard","has-post-thumbnail","","category-cinta-de-noticias","category-la-realidad-de-los-acontecimientos-en-siria","category-siria-y-el-mundo","category-ultimas-noticias","tag-washington-y-sus-aliados-discuten-planes-secretos-para-sacar-a-los-terroristas-de-los-cascos-blancos-de-siria"],"_links":{"self":[{"href":"https:\/\/archive.sana.sy\/es\/index.php?rest_route=\/wp\/v2\/posts\/85589"}],"collection":[{"href":"https:\/\/archive.sana.sy\/es\/index.php?rest_route=\/wp\/v2\/posts"}],"about":[{"href":"https:\/\/archive.sana.sy\/es\/index.php?rest_route=\/wp\/v2\/types\/post"}],"author":[{"embeddable":true,"href":"https:\/\/archive.sana.sy\/es\/index.php?rest_route=\/wp\/v2\/users\/1"}],"replies":[{"embeddable":true,"href":"https:\/\/archive.sana.sy\/es\/index.php?rest_route=%2Fwp%2Fv2%2Fcomments&post=85589"}],"version-history":[{"count":0,"href":"https:\/\/archive.sana.sy\/es\/index.php?rest_route=\/wp\/v2\/posts\/85589\/revisions"}],"wp:featuredmedia":[{"embeddable":true,"href":"https:\/\/archive.sana.sy\/es\/index.php?rest_route=\/wp\/v2\/media\/85590"}],"wp:attachment":[{"href":"https:\/\/archive.sana.sy\/es\/index.php?rest_route=%2Fwp%2Fv2%2Fmedia&parent=85589"}],"wp:term":[{"taxonomy":"category","embeddable":true,"href":"https:\/\/archive.sana.sy\/es\/index.php?rest_route=%2Fwp%2Fv2%2Fcategories&post=85589"},{"taxonomy":"post_tag","embeddable":true,"href":"https:\/\/archive.sana.sy\/es\/index.php?rest_route=%2Fwp%2Fv2%2Ftags&post=85589"}],"curies":[{"name":"wp","href":"https:\/\/api.w.org\/{rel}","templated":true}]}}