{"id":85593,"date":"2018-07-16T17:46:15","date_gmt":"2018-07-16T14:46:15","guid":{"rendered":"http:\/\/www.sana.sy\/es\/?p=85593"},"modified":"2018-07-16T17:46:27","modified_gmt":"2018-07-16T14:46:27","slug":"peskov-la-crisis-en-siria-se-discutira-en-la-cumbre-putin-trump","status":"publish","type":"post","link":"https:\/\/archive.sana.sy\/es\/?p=85593","title":{"rendered":"Peskov: la crisis en Siria se discutir\u00e1 en la cumbre Putin-Trump"},"content":{"rendered":"<p>Mosc\u00fa- SANA<\/p>\n<p>El portavoz de la Presidencia rusa Dimitri Peskov afirm\u00f3 nuevamente que la crisis en Siria ser\u00e1 de los temas principales que se discuten entre los dos presidentes ruso Vladimir Putin y estadounidense Donald Trump en su cumbre hoy en Helsinki la capital finlandesa.<\/p>\n<p>Peskov se\u00f1al\u00f3 que Putin siempre est\u00e1 preocupado por la soluci\u00f3n pol\u00edtica de la crisis en Siria mediante una compleja red de comunicaciones destinada a disminuir las disputas en torno a las perspectivas del proceso pol\u00edtico, y \u00faltimamente recibi\u00f3 al canciller del Comando de la Revoluci\u00f3n Isl\u00e1mica Iran\u00ed para los Auntos Internacionales Ali Akhbar Velayati.<\/p>\n<p>Peskov dijo que la organizaci\u00f3n de Daesh fue derrotada en Siria sin embargo algunas partes externas buscan reagrupar los restos de los terroristas del Daesh y otras organizaciones en Siria para objetivos especiales, se\u00f1alando que el ej\u00e9rcito \u00e1rabe sirio sigue luchando contra los terroristas.<\/p>\n<p>Dr. A. Shaban<\/p>\n","protected":false},"excerpt":{"rendered":"<p>Mosc\u00fa- SANA El portavoz de la Presidencia rusa Dimitri Peskov afirm\u00f3 nuevamente que la crisis en Siria ser\u00e1 de los temas principales que se discuten entre los dos presidentes ruso Vladimir Putin y estadounidense Donald Trump en su cumbre hoy en Helsinki la capital finlandesa. Peskov se\u00f1al\u00f3 que Putin siempre est\u00e1 preocupado por la soluci\u00f3n &hellip;<\/p>\n","protected":false},"author":1,"featured_media":85594,"comment_status":"closed","ping_status":"closed","sticky":false,"template":"","format":"standard","meta":{"footnotes":""},"categories":[456,7541],"tags":[],"class_list":["post-85593","post","type-post","status-publish","format-standard","has-post-thumbnail","","category-arabe-internacional-politica","category-ultimas-noticias"],"_links":{"self":[{"href":"https:\/\/archive.sana.sy\/es\/index.php?rest_route=\/wp\/v2\/posts\/85593"}],"collection":[{"href":"https:\/\/archive.sana.sy\/es\/index.php?rest_route=\/wp\/v2\/posts"}],"about":[{"href":"https:\/\/archive.sana.sy\/es\/index.php?rest_route=\/wp\/v2\/types\/post"}],"author":[{"embeddable":true,"href":"https:\/\/archive.sana.sy\/es\/index.php?rest_route=\/wp\/v2\/users\/1"}],"replies":[{"embeddable":true,"href":"https:\/\/archive.sana.sy\/es\/index.php?rest_route=%2Fwp%2Fv2%2Fcomments&post=85593"}],"version-history":[{"count":0,"href":"https:\/\/archive.sana.sy\/es\/index.php?rest_route=\/wp\/v2\/posts\/85593\/revisions"}],"wp:featuredmedia":[{"embeddable":true,"href":"https:\/\/archive.sana.sy\/es\/index.php?rest_route=\/wp\/v2\/media\/85594"}],"wp:attachment":[{"href":"https:\/\/archive.sana.sy\/es\/index.php?rest_route=%2Fwp%2Fv2%2Fmedia&parent=85593"}],"wp:term":[{"taxonomy":"category","embeddable":true,"href":"https:\/\/archive.sana.sy\/es\/index.php?rest_route=%2Fwp%2Fv2%2Fcategories&post=85593"},{"taxonomy":"post_tag","embeddable":true,"href":"https:\/\/archive.sana.sy\/es\/index.php?rest_route=%2Fwp%2Fv2%2Ftags&post=85593"}],"curies":[{"name":"wp","href":"https:\/\/api.w.org\/{rel}","templated":true}]}}