{"id":85600,"date":"2018-07-16T18:24:15","date_gmt":"2018-07-16T15:24:15","guid":{"rendered":"http:\/\/www.sana.sy\/es\/?p=85600"},"modified":"2018-07-16T18:24:15","modified_gmt":"2018-07-16T15:24:15","slug":"ejercito-sirio-impone-su-control-sobre-la-colina-estrategica-de-hara-y-libera-el-poblado-de-mashara-y-la-colina-de-mashara","status":"publish","type":"post","link":"https:\/\/archive.sana.sy\/es\/?p=85600","title":{"rendered":"Ej\u00e9rcito sirio impone su control sobre la colina estrat\u00e9gica de Hara y libera el poblado de Mashara y la colina de Mashara"},"content":{"rendered":"<p>Qunietra-Deraa-SANA<\/p>\n<p>Una fuente militar ha anunciado la liberaci\u00f3n de la estrat\u00e9gica colina de Hara y 4 poblados en el campo noroeste de la provincia de Deraa tras haber acabado la \u00faltima concentraci\u00f3n de terroristas.<\/p>\n<p>La fuente dijo que unidades de las fuerzas armadas sirias, secundadas por fuerzas populares, llevaron a cabo una operaci\u00f3n militar en el campo noroeste de la provincia de Deraa la cual culmin\u00f3 con la liberaci\u00f3n de los poblados de Kafar Shams, Um Awsay, Tiha y Zamrin.<\/p>\n<p>\u00a8La operaci\u00f3n militar comenz\u00f3 con un bombardeo intenso con artiller\u00eda y misiles allanando camino ante las tropas de incursi\u00f3n\u00a8, explica la fuente. \u00a8De igual modo el ej\u00e9rcito sirio retom\u00f3 el control de la estrat\u00e9gica colina de Hara\u00a8, agrega.<\/p>\n<p>La fuente detall\u00f3 que los uniformados sirios acabaron con numerosos terroristas y destruyeron armas suyas en su ofensiva.<\/p>\n<p>Entre tanto, la fuente militar confirm\u00f3 que escuadras del ej\u00e9rcito sirio y fuerzas populares liberaron el poblado de Mashara y la colina de Mahara.<\/p>\n<p>Y.K.<\/p>\n","protected":false},"excerpt":{"rendered":"<p>Qunietra-Deraa-SANA Una fuente militar ha anunciado la liberaci\u00f3n de la estrat\u00e9gica colina de Hara y 4 poblados en el campo noroeste de la provincia de Deraa tras haber acabado la \u00faltima concentraci\u00f3n de terroristas. La fuente dijo que unidades de las fuerzas armadas sirias, secundadas por fuerzas populares, llevaron a cabo una operaci\u00f3n militar en &hellip;<\/p>\n","protected":false},"author":1,"featured_media":85597,"comment_status":"closed","ping_status":"closed","sticky":false,"template":"","format":"standard","meta":{"footnotes":""},"categories":[573,583],"tags":[],"class_list":["post-85600","post","type-post","status-publish","format-standard","has-post-thumbnail","","category-la-realidad-de-los-acontecimientos-en-siria","category-slide"],"_links":{"self":[{"href":"https:\/\/archive.sana.sy\/es\/index.php?rest_route=\/wp\/v2\/posts\/85600"}],"collection":[{"href":"https:\/\/archive.sana.sy\/es\/index.php?rest_route=\/wp\/v2\/posts"}],"about":[{"href":"https:\/\/archive.sana.sy\/es\/index.php?rest_route=\/wp\/v2\/types\/post"}],"author":[{"embeddable":true,"href":"https:\/\/archive.sana.sy\/es\/index.php?rest_route=\/wp\/v2\/users\/1"}],"replies":[{"embeddable":true,"href":"https:\/\/archive.sana.sy\/es\/index.php?rest_route=%2Fwp%2Fv2%2Fcomments&post=85600"}],"version-history":[{"count":0,"href":"https:\/\/archive.sana.sy\/es\/index.php?rest_route=\/wp\/v2\/posts\/85600\/revisions"}],"wp:featuredmedia":[{"embeddable":true,"href":"https:\/\/archive.sana.sy\/es\/index.php?rest_route=\/wp\/v2\/media\/85597"}],"wp:attachment":[{"href":"https:\/\/archive.sana.sy\/es\/index.php?rest_route=%2Fwp%2Fv2%2Fmedia&parent=85600"}],"wp:term":[{"taxonomy":"category","embeddable":true,"href":"https:\/\/archive.sana.sy\/es\/index.php?rest_route=%2Fwp%2Fv2%2Fcategories&post=85600"},{"taxonomy":"post_tag","embeddable":true,"href":"https:\/\/archive.sana.sy\/es\/index.php?rest_route=%2Fwp%2Fv2%2Ftags&post=85600"}],"curies":[{"name":"wp","href":"https:\/\/api.w.org\/{rel}","templated":true}]}}